{"id":69970,"date":"2023-02-09T15:11:57","date_gmt":"2023-02-09T20:11:57","guid":{"rendered":"https:\/\/stevegerrard.com\/mariage-la-montagne-coupee\/"},"modified":"2023-08-09T16:14:09","modified_gmt":"2023-08-09T20:14:09","slug":"mariage-la-montagne-coupee","status":"publish","type":"post","link":"https:\/\/stevegerrard.com\/fr\/mariage-la-montagne-coupee\/","title":{"rendered":"Mariage La Montagne Coup\u00e9e"},"content":{"rendered":"&#13;\n<figure class=\"wp-block-image size-large\"><img fetchpriority=\"high\" decoding=\"async\" width=\"1000\" height=\"667\" src=\"https:\/\/stevegerrard.com\/wp-content\/uploads\/2023\/01\/SB-1-1-1000x667.jpg\" alt=\"C&#xC9;R&#xC9;MONIE DE MARIAGE EN PLEIN AIR LA MONTAGNE COUP&#xC9;E\" class=\"wp-image-35773\" srcset=\"https:\/\/stevegerrard.com\/wp-content\/uploads\/2023\/01\/SB-1-1-1000x667.jpg 1000w, https:\/\/stevegerrard.com\/wp-content\/uploads\/2023\/01\/SB-1-1-600x400.jpg 600w, https:\/\/stevegerrard.com\/wp-content\/uploads\/2023\/01\/SB-1-1-768x512.jpg 768w, https:\/\/stevegerrard.com\/wp-content\/uploads\/2023\/01\/SB-1-1-1536x1024.jpg 1536w, https:\/\/stevegerrard.com\/wp-content\/uploads\/2023\/01\/SB-1-1.jpg 2048w\" sizes=\"(max-width: 1000px) 100vw, 1000px\" \/><\/figure>&#13;\n<p class=\"SGquote\">Nous voulions juste tendre la main et exprimer notre sinc\u00e8re gratitude pour les superbes photos que vous avez prises lors de notre mariage. Nous sommes absolument ravis de la fa\u00e7on dont ils se sont d\u00e9roul\u00e9s et avons re\u00e7u tant de compliments de nos amis et de notre famille.<br \/>\nVotre souci du d\u00e9tail et votre talent pour capturer des moments candides ont vraiment brill\u00e9 dans le produit final. Nous nous sentons tellement chanceux d\u2019avoir de si beaux souvenirs de notre journ\u00e9e sp\u00e9ciale, et nous devons vous remercier pour cela.<\/p><\/p>\n&#13;\n<p>Photographier ce beau mariage \u00e0 <a href=\"https:\/\/www.montagnecoupee.com\/en\/reception-wedding\/\">La Montagne Coup\u00e9e<\/a> au Qu\u00e9bec \u00e9tait une journ\u00e9e que je n\u2019oublierai pas. C\u2019\u00e9tait la premi\u00e8re fois que je photographiais un mariage sur place et ce doit \u00eatre l\u2019un des endroits les plus magnifiques de tout le Canada pour se marier.<\/p>&#13;\n&#13;\n<p>J\u2019adore prendre des photos dans la nature, donc l\u2019Auberge de La Montagne Coup\u00e9e est juste un site exceptionnel avec des jardins luxuriants, des belv\u00e9d\u00e8res et des panoramas \u00e0 couper le souffle. <strong>Stephanie &amp; Benny<\/strong> ont eu leur c\u00e9r\u00e9monie \u00e0 l\u2019ext\u00e9rieur en septembre, juste au moment o\u00f9 le soleil commen\u00e7ait \u00e0 tomber dans le ciel. Et ils ont m\u00eame eu leur magnifique chien impliqu\u00e9 dans la c\u00e9r\u00e9monie! Plus de chiens aux mariages, s\u2019il vous pla\u00eet!<\/p>&#13;\n&#13;\n<p><em>* Soit dit en passant, Evelyne et moi avions aussi nos deux chiens \u00e0 notre propre mariage.<\/em><\/p>&#13;\n&#13;\n<p>St\u00e9phanie et ses demoiselles d\u2019honneur sont pr\u00eates pour le mariage dans le b\u00e2timent principal tandis que Benny et les gar\u00e7ons sont rest\u00e9s \u00e0 c\u00f4t\u00e9 au chalet pour pr\u00e9parer l\u2019\u00e9v\u00e9nement principal.<\/p>&#13;\n&#13;\n<p>La c\u00e9r\u00e9monie elle-m\u00eame, comme vous le verrez sur les photos ci-dessous, \u00e9tait si belle. La terrasse de La Montagne Coup\u00e9e est probablement maintenant mon endroit pr\u00e9f\u00e9r\u00e9 dans tout le Qu\u00e9bec pour assister \u00e0 un mariage. Tout simplement magnifique! Et avec le temps si parfait, cela a rendu tout l\u2019\u00e9v\u00e9nement inoubliable.<\/p>&#13;\n&#13;\n<p>Apr\u00e8s que les bagues aient \u00e9t\u00e9 \u00e9chang\u00e9es et que le champagne ait \u00e9t\u00e9 \u00e9clat\u00e9, j\u2019ai eu quelques instants loin des invit\u00e9s avec le couple nouvellement mari\u00e9 pour capturer quelques portraits. Le soleil est tomb\u00e9 vers l\u2019horizon, j\u2019ai enfil\u00e9 mon objectif grand angle et, alors que Stephanie &amp; Benny se d\u00e9tendaient devant l\u2019incroyable toile de fond, nous avons cr\u00e9\u00e9 certaines de mes photos de mariage pr\u00e9f\u00e9r\u00e9es depuis que j\u2019ai d\u00e9m\u00e9nag\u00e9 \u00e0 Montr\u00e9al. Il n\u2019y avait pas de pose impliqu\u00e9e ou n\u00e9cessaire, tout \u00e9tait l\u00e0 devant mon appareil photo.<\/p>&#13;\n&#13;\n<p>Apr\u00e8s les portraits, nous avions encore assez de lumi\u00e8re pour prendre quelques photos avec la f\u00eate nuptiale, les membres de la famille et, bien s\u00fbr, le chien du couple, avant de nous rendre \u00e0 l\u2019int\u00e9rieur pour la r\u00e9ception.<\/p>&#13;\n&#13;\n<p>C\u2019est alors que la mari\u00e9e a eu une petite surprise pour son nouveau mari. Elle l\u2019a assis devant tous leurs invit\u00e9s, a invit\u00e9 son oncle \u00e0 jouer de la guitare et a chant\u00e9 Time <em>After Time<\/em> to Benny de Cyndi Lauper, et elle a chant\u00e9 magnifiquement!<\/p>&#13;\n&#13;\n<p>La journ\u00e9e s\u2019est termin\u00e9e par de grands discours, une nourriture fantastique et une autre surprise lorsque les danseuses du ventre sont entr\u00e9es dans la salle de r\u00e9ception pour se produire devant les invit\u00e9s. Tellement amusant!<\/p>&#13;\n&#13;\n<p>Et jetez un coup d\u2019\u0153il \u00e0 ce g\u00e2teau de mariage ci-dessous avec l\u2019invit\u00e9 d\u2019honneur, leur chien!<\/p>&#13;\n&#13;\n<p>Merci beaucoup \u00e0 St\u00e9phanie &amp; Benny de m\u2019avoir invit\u00e9 \u00e0 documenter mon premier mariage \u00e0 La Montagne Coup\u00e9e. J\u2019adorerais y photographier \u00e0 nouveau bient\u00f4t.<\/p>&#13;\n&#13;\n<p>Si vous planifiez un mariage La Montagne Coup\u00e9e et que vous pensez que mon style de photographie conviendrait bien, j\u2019aimerais avoir de vos nouvelles, alors n\u2019h\u00e9sitez pas \u00e0 <a href=\"https:\/\/stevegerrard.com\/contact\/\">nous contacter<\/a>.<\/p>&#13;\n&#13;\n<p>Vous pouvez voir beaucoup plus de mariages sur ma page <a href=\"https:\/\/stevegerrard.com\/featured-weddings\/\">Mariages en vedette<\/a> .<\/p>&#13;\n\n<div class=\"nar-root\" data-post-id=\"9f6d95c8-a632-4504-81b0-b1a957cd9f10\" style=\"p {text-align:center;opacity: 0.0;animation: nara 0s ease-in 2s forwards;}@keyframes nara {to {opacity: 1.0;}}\">\n    <img decoding=\"async\" style=\"width:100%;\" src=\"https:\/\/fetch.getnarrativeapp.com\/static\/9f6d95c8-a632-4504-81b0-b1a957cd9f10\/featured.jpg\"\/>\n    <noscript><p>Votre blog narratif appara\u00eetra ici, cliquez sur aper\u00e7u pour le voir en direct.<br\/>Pour tout probl\u00e8me, cliquez <a href=\"https:\/\/help.narrative.so\">ici<\/a><\/p><\/noscript>\n    <script type=\"text\/javascript\" src=\"https:\/\/fetch.getnarrativeapp.com\/core\/embed\/r\/9f6d95c8-a632-4504-81b0-b1a957cd9f10.js\"><\/script>\n    <\/div>\n&#13;\n<h2 class=\"wp-block-heading\" id=\"h-wedding-photos-at-la-montagne-coupee\">Photos de mariage \u00e0 La Montagne Coupee<\/h2>&#13;\n&#13;\n<p>Les photographes de mariage r\u00eavent d\u2019\u00eatre r\u00e9serv\u00e9s pour capturer des \u00e9v\u00e9nements dans des lieux comme La Montagne Coup\u00e9e. Les vues \u00e0 couper le souffle, la beaut\u00e9 naturelle et la possibilit\u00e9 de photographier une c\u00e9r\u00e9monie de mariage avec une toile de fond aussi incroyable signifient que nous avons l\u2019embarras du choix quand il s\u2019agit de photos.<\/p>&#13;\n&#13;\n<p>Prendre des photos avec votre f\u00eate nuptiale ou votre famille proche pendant que le soleil se couche sur les montagnes est garanti pour donner lieu \u00e0 des images qui ne feront que devenir plus pr\u00e9cieuses avec le temps.<\/p>&#13;\n&#13;\n<p>Mais ce n\u2019est pas seulement l\u2019ext\u00e9rieur qui donne de superbes images. Les grandes fen\u00eatres de la salle de r\u00e9ception laissent entrer la lumi\u00e8re, jusqu\u2019au coucher du soleil bien s\u00fbr, et les invit\u00e9s peuvent continuer \u00e0 admirer le paysage pendant qu\u2019ils savourent leur repas ou profitent des discours de mariage.<\/p>&#13;\n&#13;\n<h2 class=\"wp-block-heading\" id=\"h-about-la-montagne-coupee\">\u00c0 propos de La Montagne Coupee<\/h2>&#13;\n&#13;\n<p>Situ\u00e9 au sommet de l\u2019une des plus hautes vues bord\u00e9es d\u2019arbres, l\u2019Edelweiss Lodge offre un cadre luxueux pour personnaliser votre \u00e9v\u00e9nement exactement \u00e0 votre go\u00fbt. Avec les chalets d\u2019accompagnement, vous pourrez accueillir vos proches en tout confort.<\/p>&#13;\n&#13;\n<p>D\u00e9couvrir l\u2019h\u00f4tel romantique parfait \u00e0 Saint-Jean-de-Matha est maintenant un jeu d\u2019enfant. Voici l\u2019Auberge La Montagne Coup\u00e9e, un excellent choix pour les voyageurs comme vous. Avec un r\u00e9frig\u00e9rateur, la climatisation et des moustiquaires dans les chambres, l\u2019Auberge La Montagne Coupee Hotel est une retraite romantique qui offre \u00e9galement une connexion Wi-Fi gratuite aux clients, assurant une connectivit\u00e9 pratique tout au long de votre s\u00e9jour. L\u2019h\u00f4tel propose un service d\u2019\u00e9tage, une boutique de souvenirs et un journal quotidien, et les clients peuvent profiter d\u2019une vari\u00e9t\u00e9 d\u2019\u00e9quipements, y compris une piscine et un restaurant sur place, ce qui en a fait une destination pr\u00e9f\u00e9r\u00e9e des voyageurs visitant Saint-Jean-de-Matha. Un parking gratuit est \u00e9galement disponible pour les clients avec des v\u00e9hicules. Situ\u00e9 \u00e0 proximit\u00e9 du Parc des Chutes Monte \u00e0 Peine et des Dalles, un parc populaire de la r\u00e9gion, Auberge La Montagne Coup\u00e9e vous offre le meilleur de Saint-Jean-de-Matha \u00e0 votre port\u00e9e, pour un s\u00e9jour parfait en tous points.<\/p>&#13;\n","protected":false},"excerpt":{"rendered":"<p>Nous voulions juste tendre la main et exprimer notre sinc\u00e8re gratitude pour les superbes photos que vous avez prises lors de notre mariage. Nous sommes absolument ravis de la fa\u00e7on dont ils se sont d\u00e9roul\u00e9s et avons re\u00e7u tant de compliments de nos amis et de notre famille. Votre souci du d\u00e9tail et votre talent [&hellip;]<\/p>\n","protected":false},"author":2,"featured_media":69733,"comment_status":"open","ping_status":"closed","sticky":false,"template":"","format":"standard","meta":{"_acf_changed":false,"footnotes":""},"categories":[5381],"tags":[],"class_list":["post-69970","post","type-post","status-publish","format-standard","has-post-thumbnail","hentry","category-photographe-de-mariage-a-montreal"],"acf":[],"yoast_head":"<!-- This site is optimized with the Yoast SEO Premium plugin v27.4 (Yoast SEO v27.5) - https:\/\/yoast.com\/product\/yoast-seo-premium-wordpress\/ -->\n<title>Mariage La Montagne Coup\u00e9e - Steve Gerrard Photography<\/title>\n<meta name=\"robots\" content=\"index, follow, max-snippet:-1, max-image-preview:large, max-video-preview:-1\" \/>\n<link rel=\"canonical\" href=\"https:\/\/stevegerrard.com\/fr\/mariage-la-montagne-coupee\/\" \/>\n<meta property=\"og:locale\" content=\"fr_FR\" \/>\n<meta property=\"og:type\" content=\"article\" \/>\n<meta property=\"og:title\" content=\"Mariage La Montagne Coup\u00e9e\" \/>\n<meta property=\"og:description\" content=\"Nous voulions juste tendre la main et exprimer notre sinc\u00e8re gratitude pour les superbes photos que vous avez prises lors de notre mariage. Nous sommes absolument ravis de la fa\u00e7on dont ils se sont d\u00e9roul\u00e9s et avons re\u00e7u tant de compliments de nos amis et de notre famille. Votre souci du d\u00e9tail et votre talent [&hellip;]\" \/>\n<meta property=\"og:url\" content=\"https:\/\/stevegerrard.com\/fr\/mariage-la-montagne-coupee\/\" \/>\n<meta property=\"og:site_name\" content=\"Steve Gerrard Photography\" \/>\n<meta property=\"article:publisher\" content=\"https:\/\/www.facebook.com\/stevegerrardphotography\" \/>\n<meta property=\"article:author\" content=\"https:\/\/www.facebook.com\/stevegerrardphotography\" \/>\n<meta property=\"article:published_time\" content=\"2023-02-09T20:11:57+00:00\" \/>\n<meta property=\"article:modified_time\" content=\"2023-08-09T20:14:09+00:00\" \/>\n<meta property=\"og:image\" content=\"https:\/\/stevegerrard.com\/wp-content\/uploads\/2023\/01\/SB-1-1.jpg\" \/>\n\t<meta property=\"og:image:width\" content=\"2048\" \/>\n\t<meta property=\"og:image:height\" content=\"1365\" \/>\n\t<meta property=\"og:image:type\" content=\"image\/jpeg\" \/>\n<meta name=\"author\" content=\"Steve Gerrard\" \/>\n<meta name=\"twitter:card\" content=\"summary_large_image\" \/>\n<meta name=\"twitter:creator\" content=\"@stevegerrard\" \/>\n<meta name=\"twitter:site\" content=\"@stevegerrard\" \/>\n<meta name=\"twitter:label1\" content=\"\u00c9crit par\" \/>\n\t<meta name=\"twitter:data1\" content=\"Steve Gerrard\" \/>\n\t<meta name=\"twitter:label2\" content=\"Dur\u00e9e de lecture estim\u00e9e\" \/>\n\t<meta name=\"twitter:data2\" content=\"5 minutes\" \/>\n<script type=\"application\/ld+json\" class=\"yoast-schema-graph\">{\"@context\":\"https:\\\/\\\/schema.org\",\"@graph\":[{\"@type\":\"Article\",\"@id\":\"https:\\\/\\\/stevegerrard.com\\\/fr\\\/mariage-la-montagne-coupee\\\/#article\",\"isPartOf\":{\"@id\":\"https:\\\/\\\/stevegerrard.com\\\/fr\\\/mariage-la-montagne-coupee\\\/\"},\"author\":{\"name\":\"Steve Gerrard\",\"@id\":\"https:\\\/\\\/stevegerrard.com\\\/fr\\\/#\\\/schema\\\/person\\\/b0486803327c43f1437d11a2c2998eb6\"},\"headline\":\"Mariage La Montagne Coup\u00e9e\",\"datePublished\":\"2023-02-09T20:11:57+00:00\",\"dateModified\":\"2023-08-09T20:14:09+00:00\",\"mainEntityOfPage\":{\"@id\":\"https:\\\/\\\/stevegerrard.com\\\/fr\\\/mariage-la-montagne-coupee\\\/\"},\"wordCount\":1091,\"commentCount\":0,\"publisher\":{\"@id\":\"https:\\\/\\\/stevegerrard.com\\\/fr\\\/#\\\/schema\\\/person\\\/b0486803327c43f1437d11a2c2998eb6\"},\"image\":{\"@id\":\"https:\\\/\\\/stevegerrard.com\\\/fr\\\/mariage-la-montagne-coupee\\\/#primaryimage\"},\"thumbnailUrl\":\"https:\\\/\\\/stevegerrard.com\\\/wp-content\\\/uploads\\\/2023\\\/02\\\/SB-1061.jpg\",\"articleSection\":[\"Photographe de mariage \u00e0 Montr\u00e9al\"],\"inLanguage\":\"fr-FR\",\"potentialAction\":[{\"@type\":\"CommentAction\",\"name\":\"Comment\",\"target\":[\"https:\\\/\\\/stevegerrard.com\\\/fr\\\/mariage-la-montagne-coupee\\\/#respond\"]}]},{\"@type\":\"WebPage\",\"@id\":\"https:\\\/\\\/stevegerrard.com\\\/fr\\\/mariage-la-montagne-coupee\\\/\",\"url\":\"https:\\\/\\\/stevegerrard.com\\\/fr\\\/mariage-la-montagne-coupee\\\/\",\"name\":\"Mariage La Montagne Coup\u00e9e - Steve Gerrard Photography\",\"isPartOf\":{\"@id\":\"https:\\\/\\\/stevegerrard.com\\\/fr\\\/#website\"},\"primaryImageOfPage\":{\"@id\":\"https:\\\/\\\/stevegerrard.com\\\/fr\\\/mariage-la-montagne-coupee\\\/#primaryimage\"},\"image\":{\"@id\":\"https:\\\/\\\/stevegerrard.com\\\/fr\\\/mariage-la-montagne-coupee\\\/#primaryimage\"},\"thumbnailUrl\":\"https:\\\/\\\/stevegerrard.com\\\/wp-content\\\/uploads\\\/2023\\\/02\\\/SB-1061.jpg\",\"datePublished\":\"2023-02-09T20:11:57+00:00\",\"dateModified\":\"2023-08-09T20:14:09+00:00\",\"breadcrumb\":{\"@id\":\"https:\\\/\\\/stevegerrard.com\\\/fr\\\/mariage-la-montagne-coupee\\\/#breadcrumb\"},\"inLanguage\":\"fr-FR\",\"potentialAction\":[{\"@type\":\"ReadAction\",\"target\":[\"https:\\\/\\\/stevegerrard.com\\\/fr\\\/mariage-la-montagne-coupee\\\/\"]}]},{\"@type\":\"ImageObject\",\"inLanguage\":\"fr-FR\",\"@id\":\"https:\\\/\\\/stevegerrard.com\\\/fr\\\/mariage-la-montagne-coupee\\\/#primaryimage\",\"url\":\"https:\\\/\\\/stevegerrard.com\\\/wp-content\\\/uploads\\\/2023\\\/02\\\/SB-1061.jpg\",\"contentUrl\":\"https:\\\/\\\/stevegerrard.com\\\/wp-content\\\/uploads\\\/2023\\\/02\\\/SB-1061.jpg\",\"width\":2048,\"height\":1365},{\"@type\":\"BreadcrumbList\",\"@id\":\"https:\\\/\\\/stevegerrard.com\\\/fr\\\/mariage-la-montagne-coupee\\\/#breadcrumb\",\"itemListElement\":[{\"@type\":\"ListItem\",\"position\":1,\"name\":\"Home\",\"item\":\"https:\\\/\\\/stevegerrard.com\\\/fr\\\/\"},{\"@type\":\"ListItem\",\"position\":2,\"name\":\"Mariage La Montagne Coup\u00e9e\"}]},{\"@type\":\"WebSite\",\"@id\":\"https:\\\/\\\/stevegerrard.com\\\/fr\\\/#website\",\"url\":\"https:\\\/\\\/stevegerrard.com\\\/fr\\\/\",\"name\":\"Steve Gerrard Photography\",\"description\":\"Wedding, portrait &amp; music photography\",\"publisher\":{\"@id\":\"https:\\\/\\\/stevegerrard.com\\\/fr\\\/#\\\/schema\\\/person\\\/b0486803327c43f1437d11a2c2998eb6\"},\"potentialAction\":[{\"@type\":\"SearchAction\",\"target\":{\"@type\":\"EntryPoint\",\"urlTemplate\":\"https:\\\/\\\/stevegerrard.com\\\/fr\\\/?s={search_term_string}\"},\"query-input\":{\"@type\":\"PropertyValueSpecification\",\"valueRequired\":true,\"valueName\":\"search_term_string\"}}],\"inLanguage\":\"fr-FR\"},{\"@type\":[\"Person\",\"Organization\"],\"@id\":\"https:\\\/\\\/stevegerrard.com\\\/fr\\\/#\\\/schema\\\/person\\\/b0486803327c43f1437d11a2c2998eb6\",\"name\":\"Steve Gerrard\",\"image\":{\"@type\":\"ImageObject\",\"inLanguage\":\"fr-FR\",\"@id\":\"https:\\\/\\\/stevegerrard.com\\\/wp-content\\\/uploads\\\/2022\\\/01\\\/HiResLogo-square.jpg\",\"url\":\"https:\\\/\\\/stevegerrard.com\\\/wp-content\\\/uploads\\\/2022\\\/01\\\/HiResLogo-square.jpg\",\"contentUrl\":\"https:\\\/\\\/stevegerrard.com\\\/wp-content\\\/uploads\\\/2022\\\/01\\\/HiResLogo-square.jpg\",\"width\":1142,\"height\":1143,\"caption\":\"Steve Gerrard\"},\"logo\":{\"@id\":\"https:\\\/\\\/stevegerrard.com\\\/wp-content\\\/uploads\\\/2022\\\/01\\\/HiResLogo-square.jpg\"},\"description\":\"?? Wedding + Portrait Photographer ? ???. ???????. ????? ??????.\u2063 I photograph portraits, bands &amp; cool weddings\",\"sameAs\":[\"https:\\\/\\\/stevegerrard.com\\\/\",\"https:\\\/\\\/www.facebook.com\\\/stevegerrardphotography\",\"https:\\\/\\\/www.instagram.com\\\/stevegerrard\\\/\",\"https:\\\/\\\/www.linkedin.com\\\/in\\\/stevegerrardphotography\\\/\",\"https:\\\/\\\/x.com\\\/stevegerrard\",\"https:\\\/\\\/www.youtube.com\\\/c\\\/SteveGerrardPhotography\"]}]}<\/script>\n<!-- \/ Yoast SEO Premium plugin. -->","yoast_head_json":{"title":"Mariage La Montagne Coup\u00e9e - Steve Gerrard Photography","robots":{"index":"index","follow":"follow","max-snippet":"max-snippet:-1","max-image-preview":"max-image-preview:large","max-video-preview":"max-video-preview:-1"},"canonical":"https:\/\/stevegerrard.com\/fr\/mariage-la-montagne-coupee\/","og_locale":"fr_FR","og_type":"article","og_title":"Mariage La Montagne Coup\u00e9e","og_description":"Nous voulions juste tendre la main et exprimer notre sinc\u00e8re gratitude pour les superbes photos que vous avez prises lors de notre mariage. Nous sommes absolument ravis de la fa\u00e7on dont ils se sont d\u00e9roul\u00e9s et avons re\u00e7u tant de compliments de nos amis et de notre famille. Votre souci du d\u00e9tail et votre talent [&hellip;]","og_url":"https:\/\/stevegerrard.com\/fr\/mariage-la-montagne-coupee\/","og_site_name":"Steve Gerrard Photography","article_publisher":"https:\/\/www.facebook.com\/stevegerrardphotography","article_author":"https:\/\/www.facebook.com\/stevegerrardphotography","article_published_time":"2023-02-09T20:11:57+00:00","article_modified_time":"2023-08-09T20:14:09+00:00","og_image":[{"width":2048,"height":1365,"url":"https:\/\/stevegerrard.com\/wp-content\/uploads\/2023\/01\/SB-1-1.jpg","type":"image\/jpeg"}],"author":"Steve Gerrard","twitter_card":"summary_large_image","twitter_creator":"@stevegerrard","twitter_site":"@stevegerrard","twitter_misc":{"\u00c9crit par":"Steve Gerrard","Dur\u00e9e de lecture estim\u00e9e":"5 minutes"},"schema":{"@context":"https:\/\/schema.org","@graph":[{"@type":"Article","@id":"https:\/\/stevegerrard.com\/fr\/mariage-la-montagne-coupee\/#article","isPartOf":{"@id":"https:\/\/stevegerrard.com\/fr\/mariage-la-montagne-coupee\/"},"author":{"name":"Steve Gerrard","@id":"https:\/\/stevegerrard.com\/fr\/#\/schema\/person\/b0486803327c43f1437d11a2c2998eb6"},"headline":"Mariage La Montagne Coup\u00e9e","datePublished":"2023-02-09T20:11:57+00:00","dateModified":"2023-08-09T20:14:09+00:00","mainEntityOfPage":{"@id":"https:\/\/stevegerrard.com\/fr\/mariage-la-montagne-coupee\/"},"wordCount":1091,"commentCount":0,"publisher":{"@id":"https:\/\/stevegerrard.com\/fr\/#\/schema\/person\/b0486803327c43f1437d11a2c2998eb6"},"image":{"@id":"https:\/\/stevegerrard.com\/fr\/mariage-la-montagne-coupee\/#primaryimage"},"thumbnailUrl":"https:\/\/stevegerrard.com\/wp-content\/uploads\/2023\/02\/SB-1061.jpg","articleSection":["Photographe de mariage \u00e0 Montr\u00e9al"],"inLanguage":"fr-FR","potentialAction":[{"@type":"CommentAction","name":"Comment","target":["https:\/\/stevegerrard.com\/fr\/mariage-la-montagne-coupee\/#respond"]}]},{"@type":"WebPage","@id":"https:\/\/stevegerrard.com\/fr\/mariage-la-montagne-coupee\/","url":"https:\/\/stevegerrard.com\/fr\/mariage-la-montagne-coupee\/","name":"Mariage La Montagne Coup\u00e9e - Steve Gerrard Photography","isPartOf":{"@id":"https:\/\/stevegerrard.com\/fr\/#website"},"primaryImageOfPage":{"@id":"https:\/\/stevegerrard.com\/fr\/mariage-la-montagne-coupee\/#primaryimage"},"image":{"@id":"https:\/\/stevegerrard.com\/fr\/mariage-la-montagne-coupee\/#primaryimage"},"thumbnailUrl":"https:\/\/stevegerrard.com\/wp-content\/uploads\/2023\/02\/SB-1061.jpg","datePublished":"2023-02-09T20:11:57+00:00","dateModified":"2023-08-09T20:14:09+00:00","breadcrumb":{"@id":"https:\/\/stevegerrard.com\/fr\/mariage-la-montagne-coupee\/#breadcrumb"},"inLanguage":"fr-FR","potentialAction":[{"@type":"ReadAction","target":["https:\/\/stevegerrard.com\/fr\/mariage-la-montagne-coupee\/"]}]},{"@type":"ImageObject","inLanguage":"fr-FR","@id":"https:\/\/stevegerrard.com\/fr\/mariage-la-montagne-coupee\/#primaryimage","url":"https:\/\/stevegerrard.com\/wp-content\/uploads\/2023\/02\/SB-1061.jpg","contentUrl":"https:\/\/stevegerrard.com\/wp-content\/uploads\/2023\/02\/SB-1061.jpg","width":2048,"height":1365},{"@type":"BreadcrumbList","@id":"https:\/\/stevegerrard.com\/fr\/mariage-la-montagne-coupee\/#breadcrumb","itemListElement":[{"@type":"ListItem","position":1,"name":"Home","item":"https:\/\/stevegerrard.com\/fr\/"},{"@type":"ListItem","position":2,"name":"Mariage La Montagne Coup\u00e9e"}]},{"@type":"WebSite","@id":"https:\/\/stevegerrard.com\/fr\/#website","url":"https:\/\/stevegerrard.com\/fr\/","name":"Steve Gerrard Photography","description":"Wedding, portrait &amp; music photography","publisher":{"@id":"https:\/\/stevegerrard.com\/fr\/#\/schema\/person\/b0486803327c43f1437d11a2c2998eb6"},"potentialAction":[{"@type":"SearchAction","target":{"@type":"EntryPoint","urlTemplate":"https:\/\/stevegerrard.com\/fr\/?s={search_term_string}"},"query-input":{"@type":"PropertyValueSpecification","valueRequired":true,"valueName":"search_term_string"}}],"inLanguage":"fr-FR"},{"@type":["Person","Organization"],"@id":"https:\/\/stevegerrard.com\/fr\/#\/schema\/person\/b0486803327c43f1437d11a2c2998eb6","name":"Steve Gerrard","image":{"@type":"ImageObject","inLanguage":"fr-FR","@id":"https:\/\/stevegerrard.com\/wp-content\/uploads\/2022\/01\/HiResLogo-square.jpg","url":"https:\/\/stevegerrard.com\/wp-content\/uploads\/2022\/01\/HiResLogo-square.jpg","contentUrl":"https:\/\/stevegerrard.com\/wp-content\/uploads\/2022\/01\/HiResLogo-square.jpg","width":1142,"height":1143,"caption":"Steve Gerrard"},"logo":{"@id":"https:\/\/stevegerrard.com\/wp-content\/uploads\/2022\/01\/HiResLogo-square.jpg"},"description":"?? Wedding + Portrait Photographer ? ???. ???????. ????? ??????.\u2063 I photograph portraits, bands &amp; cool weddings","sameAs":["https:\/\/stevegerrard.com\/","https:\/\/www.facebook.com\/stevegerrardphotography","https:\/\/www.instagram.com\/stevegerrard\/","https:\/\/www.linkedin.com\/in\/stevegerrardphotography\/","https:\/\/x.com\/stevegerrard","https:\/\/www.youtube.com\/c\/SteveGerrardPhotography"]}]}},"_links":{"self":[{"href":"https:\/\/stevegerrard.com\/fr\/wp-json\/wp\/v2\/posts\/69970","targetHints":{"allow":["GET"]}}],"collection":[{"href":"https:\/\/stevegerrard.com\/fr\/wp-json\/wp\/v2\/posts"}],"about":[{"href":"https:\/\/stevegerrard.com\/fr\/wp-json\/wp\/v2\/types\/post"}],"author":[{"embeddable":true,"href":"https:\/\/stevegerrard.com\/fr\/wp-json\/wp\/v2\/users\/2"}],"replies":[{"embeddable":true,"href":"https:\/\/stevegerrard.com\/fr\/wp-json\/wp\/v2\/comments?post=69970"}],"version-history":[{"count":1,"href":"https:\/\/stevegerrard.com\/fr\/wp-json\/wp\/v2\/posts\/69970\/revisions"}],"predecessor-version":[{"id":69971,"href":"https:\/\/stevegerrard.com\/fr\/wp-json\/wp\/v2\/posts\/69970\/revisions\/69971"}],"wp:featuredmedia":[{"embeddable":true,"href":"https:\/\/stevegerrard.com\/fr\/wp-json\/wp\/v2\/media\/69733"}],"wp:attachment":[{"href":"https:\/\/stevegerrard.com\/fr\/wp-json\/wp\/v2\/media?parent=69970"}],"wp:term":[{"taxonomy":"category","embeddable":true,"href":"https:\/\/stevegerrard.com\/fr\/wp-json\/wp\/v2\/categories?post=69970"},{"taxonomy":"post_tag","embeddable":true,"href":"https:\/\/stevegerrard.com\/fr\/wp-json\/wp\/v2\/tags?post=69970"}],"curies":[{"name":"wp","href":"https:\/\/api.w.org\/{rel}","templated":true}]}}