{"id":69972,"date":"2025-04-17T15:59:00","date_gmt":"2025-04-17T19:59:00","guid":{"rendered":"https:\/\/stevegerrard.com\/sessions-familiales-au-royaume-uni-pour-la-moitie-du-trimestre\/"},"modified":"2023-08-09T16:14:09","modified_gmt":"2023-08-09T20:14:09","slug":"sessions-familiales-au-royaume-uni-pour-la-moitie-du-trimestre","status":"publish","type":"post","link":"https:\/\/stevegerrard.com\/fr\/sessions-familiales-au-royaume-uni-pour-la-moitie-du-trimestre\/","title":{"rendered":"Sessions familiales au Royaume-Uni pour la moiti\u00e9 du trimestre"},"content":{"rendered":"&#13;\n<figure class=\"wp-block-image size-large is-style-default\"><img fetchpriority=\"high\" decoding=\"async\" width=\"1000\" height=\"667\" class=\"wp-image-34667\" src=\"https:\/\/stevegerrard.com\/wp-content\/uploads\/2021\/10\/Peart-557-1000x667.jpg\" alt=\"\" srcset=\"https:\/\/stevegerrard.com\/wp-content\/uploads\/2021\/10\/Peart-557-1000x667.jpg 1000w, https:\/\/stevegerrard.com\/wp-content\/uploads\/2021\/10\/Peart-557-600x400.jpg 600w, https:\/\/stevegerrard.com\/wp-content\/uploads\/2021\/10\/Peart-557-768x512.jpg 768w, https:\/\/stevegerrard.com\/wp-content\/uploads\/2021\/10\/Peart-557-1536x1024.jpg 1536w, https:\/\/stevegerrard.com\/wp-content\/uploads\/2021\/10\/Peart-557.jpg 2048w\" sizes=\"(max-width: 1000px) 100vw, 1000px\" \/><\/figure>&#13;\n&#13;\n<p>\u00a0<\/p>&#13;\n&#13;\n<p>Je suis tr\u00e8s heureux de voler \u00e0 nouveau vers l\u2019est en mai 2023 pour quelques jours au Royaume-Uni.<\/p>&#13;\n&#13;\n<p>Je vais voir ma m\u00e8re, passer du temps dans des pubs d\u00e9cents avec des amis et faire le plein de sachets de th\u00e9 M &amp; S et de Freddos.<\/p>&#13;\n&#13;\n<p>Je planifie \u00e9galement quelques <a href=\"https:\/\/stevegerrard.com\/fr\/photographie-de-portrait\/enfants-et-familles\/\" target=\"_blank\" rel=\"noreferrer noopener\">s\u00e9ances de photos de famille et de<\/a> portraits pendant que je suis l\u00e0-bas. J\u2019ai encore des disponibilit\u00e9s aux dates ci-dessous:<\/p>&#13;\n&#13;\n<p><strong>26, <del datetime=\"2023-01-23T20:48:18+00:00\">27<\/del>, <del datetime=\"2023-01-23T20:48:18+00:00\">28, 29<\/del>, 30, 31 mai<\/strong><\/p>&#13;\n&#13;\n<p>La session elle-m\u00eame co\u00fbte 400 \u00a3 et comprend toutes les images haute r\u00e9solution \u00e9dit\u00e9es avec une autorisation compl\u00e8te d\u2019impression. Les s\u00e9ances familiales durent g\u00e9n\u00e9ralement quelques heures, mais nous restons flexibles, de sorte que nous attrapons les enfants \u00e0 leur meilleur.<\/p>&#13;\n&#13;\n<p>Si vous souhaitez r\u00e9server une session ou connaissez quelqu\u2019un qui pourrait l\u2019\u00eatre, veuillez <a href=\"https:\/\/stevegerrard.com\/fr\/contact\/\" target=\"_blank\" rel=\"noreferrer noopener\">nous contacter<\/a>.<br\/><br\/><em>** Je r\u00e9serverai \u00e9galement des tournages au Royaume-Uni vers la fin du mois de juin si cela fonctionne mieux pour tout le monde. **<\/em><\/p>&#13;\n\n<div class=\"nar-root\" style=\"p {text-align: center; opacity: 0.0; animation: nara 0s ease-in 2s forwards; }@keyframes nara {to {opacity: 1.0;\" data-post-id=\"825d37e5-71b6-425c-bceb-a3e7e967aee1\"><img decoding=\"async\" style=\"width: 100%;\" src=\"https:\/\/content1.getnarrativeapp.com\/static\/825d37e5-71b6-425c-bceb-a3e7e967aee1\/featured.jpg\"\/><noscript><p>Votre blog narratif appara\u00eetra ici, cliquez sur aper\u00e7u pour le voir en direct.<br\/>Pour tout probl\u00e8me, cliquez <a href=\"https:\/\/help.narrative.so\/i\/j\">ici<\/a><\/p><\/noscript><script type=\"text\/javascript\" src=\"https:\/\/service.getnarrativeapp.com\/core\/embed\/r\/825d37e5-71b6-425c-bceb-a3e7e967aee1.js\"><\/script><\/div>\n","protected":false},"excerpt":{"rendered":"<p>&#13; \u00a0 &#13; &#13; Je suis tr\u00e8s heureux de voler \u00e0 nouveau vers l\u2019est en mai 2023 pour quelques jours au Royaume-Uni. &#13; &#13; Je vais voir ma m\u00e8re, passer du temps dans des pubs d\u00e9cents avec des amis et faire le plein de sachets de th\u00e9 M &amp; S et de Freddos. &#13; &#13; [&hellip;]<\/p>\n","protected":false},"author":2,"featured_media":55139,"comment_status":"open","ping_status":"closed","sticky":false,"template":"","format":"standard","meta":{"_acf_changed":false,"footnotes":""},"categories":[5375],"tags":[],"class_list":["post-69972","post","type-post","status-publish","format-standard","has-post-thumbnail","hentry","category-uncategorized-fr"],"acf":[],"yoast_head":"<!-- This site is optimized with the Yoast SEO Premium plugin v27.4 (Yoast SEO v27.5) - https:\/\/yoast.com\/product\/yoast-seo-premium-wordpress\/ -->\n<title>Sessions familiales au Royaume-Uni pour la moiti\u00e9 du trimestre - Steve Gerrard Photography<\/title>\n<meta name=\"robots\" content=\"index, follow, max-snippet:-1, max-image-preview:large, max-video-preview:-1\" \/>\n<link rel=\"canonical\" href=\"https:\/\/stevegerrard.com\/fr\/sessions-familiales-au-royaume-uni-pour-la-moitie-du-trimestre\/\" \/>\n<meta property=\"og:locale\" content=\"fr_FR\" \/>\n<meta property=\"og:type\" content=\"article\" \/>\n<meta property=\"og:title\" content=\"Sessions familiales au Royaume-Uni pour la moiti\u00e9 du trimestre\" \/>\n<meta property=\"og:description\" content=\"&#013; \u00a0 &#013; &#013; Je suis tr\u00e8s heureux de voler \u00e0 nouveau vers l\u2019est en mai 2023 pour quelques jours au Royaume-Uni. &#013; &#013; Je vais voir ma m\u00e8re, passer du temps dans des pubs d\u00e9cents avec des amis et faire le plein de sachets de th\u00e9 M &amp; S et de Freddos. &#013; &#013; [&hellip;]\" \/>\n<meta property=\"og:url\" content=\"https:\/\/stevegerrard.com\/fr\/sessions-familiales-au-royaume-uni-pour-la-moitie-du-trimestre\/\" \/>\n<meta property=\"og:site_name\" content=\"Steve Gerrard Photography\" \/>\n<meta property=\"article:publisher\" content=\"https:\/\/www.facebook.com\/stevegerrardphotography\" \/>\n<meta property=\"article:author\" content=\"https:\/\/www.facebook.com\/stevegerrardphotography\" \/>\n<meta property=\"article:published_time\" content=\"2025-04-17T19:59:00+00:00\" \/>\n<meta property=\"og:image\" content=\"https:\/\/stevegerrard.com\/wp-content\/uploads\/2020\/11\/montreal-family-photographers_0899.jpg\" \/>\n\t<meta property=\"og:image:width\" content=\"2048\" \/>\n\t<meta property=\"og:image:height\" content=\"1375\" \/>\n\t<meta property=\"og:image:type\" content=\"image\/jpeg\" \/>\n<meta name=\"author\" content=\"Steve Gerrard\" \/>\n<meta name=\"twitter:card\" content=\"summary_large_image\" \/>\n<meta name=\"twitter:creator\" content=\"@stevegerrard\" \/>\n<meta name=\"twitter:site\" content=\"@stevegerrard\" \/>\n<meta name=\"twitter:label1\" content=\"\u00c9crit par\" \/>\n\t<meta name=\"twitter:data1\" content=\"Steve Gerrard\" \/>\n\t<meta name=\"twitter:label2\" content=\"Dur\u00e9e de lecture estim\u00e9e\" \/>\n\t<meta name=\"twitter:data2\" content=\"1 minute\" \/>\n<script type=\"application\/ld+json\" class=\"yoast-schema-graph\">{\"@context\":\"https:\\\/\\\/schema.org\",\"@graph\":[{\"@type\":\"Article\",\"@id\":\"https:\\\/\\\/stevegerrard.com\\\/fr\\\/sessions-familiales-au-royaume-uni-pour-la-moitie-du-trimestre\\\/#article\",\"isPartOf\":{\"@id\":\"https:\\\/\\\/stevegerrard.com\\\/fr\\\/sessions-familiales-au-royaume-uni-pour-la-moitie-du-trimestre\\\/\"},\"author\":{\"name\":\"Steve Gerrard\",\"@id\":\"https:\\\/\\\/stevegerrard.com\\\/fr\\\/#\\\/schema\\\/person\\\/b0486803327c43f1437d11a2c2998eb6\"},\"headline\":\"Sessions familiales au Royaume-Uni pour la moiti\u00e9 du trimestre\",\"datePublished\":\"2025-04-17T19:59:00+00:00\",\"mainEntityOfPage\":{\"@id\":\"https:\\\/\\\/stevegerrard.com\\\/fr\\\/sessions-familiales-au-royaume-uni-pour-la-moitie-du-trimestre\\\/\"},\"wordCount\":195,\"commentCount\":0,\"publisher\":{\"@id\":\"https:\\\/\\\/stevegerrard.com\\\/fr\\\/#\\\/schema\\\/person\\\/b0486803327c43f1437d11a2c2998eb6\"},\"image\":{\"@id\":\"https:\\\/\\\/stevegerrard.com\\\/fr\\\/sessions-familiales-au-royaume-uni-pour-la-moitie-du-trimestre\\\/#primaryimage\"},\"thumbnailUrl\":\"https:\\\/\\\/stevegerrard.com\\\/wp-content\\\/uploads\\\/2020\\\/11\\\/montreal-family-photographers_0899.jpg\",\"articleSection\":[\"Uncategorized\"],\"inLanguage\":\"fr-FR\",\"potentialAction\":[{\"@type\":\"CommentAction\",\"name\":\"Comment\",\"target\":[\"https:\\\/\\\/stevegerrard.com\\\/fr\\\/sessions-familiales-au-royaume-uni-pour-la-moitie-du-trimestre\\\/#respond\"]}]},{\"@type\":\"WebPage\",\"@id\":\"https:\\\/\\\/stevegerrard.com\\\/fr\\\/sessions-familiales-au-royaume-uni-pour-la-moitie-du-trimestre\\\/\",\"url\":\"https:\\\/\\\/stevegerrard.com\\\/fr\\\/sessions-familiales-au-royaume-uni-pour-la-moitie-du-trimestre\\\/\",\"name\":\"Sessions familiales au Royaume-Uni pour la moiti\u00e9 du trimestre - Steve Gerrard Photography\",\"isPartOf\":{\"@id\":\"https:\\\/\\\/stevegerrard.com\\\/fr\\\/#website\"},\"primaryImageOfPage\":{\"@id\":\"https:\\\/\\\/stevegerrard.com\\\/fr\\\/sessions-familiales-au-royaume-uni-pour-la-moitie-du-trimestre\\\/#primaryimage\"},\"image\":{\"@id\":\"https:\\\/\\\/stevegerrard.com\\\/fr\\\/sessions-familiales-au-royaume-uni-pour-la-moitie-du-trimestre\\\/#primaryimage\"},\"thumbnailUrl\":\"https:\\\/\\\/stevegerrard.com\\\/wp-content\\\/uploads\\\/2020\\\/11\\\/montreal-family-photographers_0899.jpg\",\"datePublished\":\"2025-04-17T19:59:00+00:00\",\"breadcrumb\":{\"@id\":\"https:\\\/\\\/stevegerrard.com\\\/fr\\\/sessions-familiales-au-royaume-uni-pour-la-moitie-du-trimestre\\\/#breadcrumb\"},\"inLanguage\":\"fr-FR\",\"potentialAction\":[{\"@type\":\"ReadAction\",\"target\":[\"https:\\\/\\\/stevegerrard.com\\\/fr\\\/sessions-familiales-au-royaume-uni-pour-la-moitie-du-trimestre\\\/\"]}]},{\"@type\":\"ImageObject\",\"inLanguage\":\"fr-FR\",\"@id\":\"https:\\\/\\\/stevegerrard.com\\\/fr\\\/sessions-familiales-au-royaume-uni-pour-la-moitie-du-trimestre\\\/#primaryimage\",\"url\":\"https:\\\/\\\/stevegerrard.com\\\/wp-content\\\/uploads\\\/2020\\\/11\\\/montreal-family-photographers_0899.jpg\",\"contentUrl\":\"https:\\\/\\\/stevegerrard.com\\\/wp-content\\\/uploads\\\/2020\\\/11\\\/montreal-family-photographers_0899.jpg\",\"width\":2048,\"height\":1375},{\"@type\":\"BreadcrumbList\",\"@id\":\"https:\\\/\\\/stevegerrard.com\\\/fr\\\/sessions-familiales-au-royaume-uni-pour-la-moitie-du-trimestre\\\/#breadcrumb\",\"itemListElement\":[{\"@type\":\"ListItem\",\"position\":1,\"name\":\"Home\",\"item\":\"https:\\\/\\\/stevegerrard.com\\\/fr\\\/\"},{\"@type\":\"ListItem\",\"position\":2,\"name\":\"Sessions familiales au Royaume-Uni pour la moiti\u00e9 du trimestre\"}]},{\"@type\":\"WebSite\",\"@id\":\"https:\\\/\\\/stevegerrard.com\\\/fr\\\/#website\",\"url\":\"https:\\\/\\\/stevegerrard.com\\\/fr\\\/\",\"name\":\"Steve Gerrard Photography\",\"description\":\"Wedding, portrait &amp; music photography\",\"publisher\":{\"@id\":\"https:\\\/\\\/stevegerrard.com\\\/fr\\\/#\\\/schema\\\/person\\\/b0486803327c43f1437d11a2c2998eb6\"},\"potentialAction\":[{\"@type\":\"SearchAction\",\"target\":{\"@type\":\"EntryPoint\",\"urlTemplate\":\"https:\\\/\\\/stevegerrard.com\\\/fr\\\/?s={search_term_string}\"},\"query-input\":{\"@type\":\"PropertyValueSpecification\",\"valueRequired\":true,\"valueName\":\"search_term_string\"}}],\"inLanguage\":\"fr-FR\"},{\"@type\":[\"Person\",\"Organization\"],\"@id\":\"https:\\\/\\\/stevegerrard.com\\\/fr\\\/#\\\/schema\\\/person\\\/b0486803327c43f1437d11a2c2998eb6\",\"name\":\"Steve Gerrard\",\"image\":{\"@type\":\"ImageObject\",\"inLanguage\":\"fr-FR\",\"@id\":\"https:\\\/\\\/stevegerrard.com\\\/wp-content\\\/uploads\\\/2022\\\/01\\\/HiResLogo-square.jpg\",\"url\":\"https:\\\/\\\/stevegerrard.com\\\/wp-content\\\/uploads\\\/2022\\\/01\\\/HiResLogo-square.jpg\",\"contentUrl\":\"https:\\\/\\\/stevegerrard.com\\\/wp-content\\\/uploads\\\/2022\\\/01\\\/HiResLogo-square.jpg\",\"width\":1142,\"height\":1143,\"caption\":\"Steve Gerrard\"},\"logo\":{\"@id\":\"https:\\\/\\\/stevegerrard.com\\\/wp-content\\\/uploads\\\/2022\\\/01\\\/HiResLogo-square.jpg\"},\"description\":\"?? Wedding + Portrait Photographer ? ???. ???????. ????? ??????.\u2063 I photograph portraits, bands &amp; cool weddings\",\"sameAs\":[\"https:\\\/\\\/stevegerrard.com\\\/\",\"https:\\\/\\\/www.facebook.com\\\/stevegerrardphotography\",\"https:\\\/\\\/www.instagram.com\\\/stevegerrard\\\/\",\"https:\\\/\\\/www.linkedin.com\\\/in\\\/stevegerrardphotography\\\/\",\"https:\\\/\\\/x.com\\\/stevegerrard\",\"https:\\\/\\\/www.youtube.com\\\/c\\\/SteveGerrardPhotography\"]}]}<\/script>\n<!-- \/ Yoast SEO Premium plugin. -->","yoast_head_json":{"title":"Sessions familiales au Royaume-Uni pour la moiti\u00e9 du trimestre - Steve Gerrard Photography","robots":{"index":"index","follow":"follow","max-snippet":"max-snippet:-1","max-image-preview":"max-image-preview:large","max-video-preview":"max-video-preview:-1"},"canonical":"https:\/\/stevegerrard.com\/fr\/sessions-familiales-au-royaume-uni-pour-la-moitie-du-trimestre\/","og_locale":"fr_FR","og_type":"article","og_title":"Sessions familiales au Royaume-Uni pour la moiti\u00e9 du trimestre","og_description":"&#13; \u00a0 &#13; &#13; Je suis tr\u00e8s heureux de voler \u00e0 nouveau vers l\u2019est en mai 2023 pour quelques jours au Royaume-Uni. &#13; &#13; Je vais voir ma m\u00e8re, passer du temps dans des pubs d\u00e9cents avec des amis et faire le plein de sachets de th\u00e9 M &amp; S et de Freddos. &#13; &#13; [&hellip;]","og_url":"https:\/\/stevegerrard.com\/fr\/sessions-familiales-au-royaume-uni-pour-la-moitie-du-trimestre\/","og_site_name":"Steve Gerrard Photography","article_publisher":"https:\/\/www.facebook.com\/stevegerrardphotography","article_author":"https:\/\/www.facebook.com\/stevegerrardphotography","article_published_time":"2025-04-17T19:59:00+00:00","og_image":[{"width":2048,"height":1375,"url":"https:\/\/stevegerrard.com\/wp-content\/uploads\/2020\/11\/montreal-family-photographers_0899.jpg","type":"image\/jpeg"}],"author":"Steve Gerrard","twitter_card":"summary_large_image","twitter_creator":"@stevegerrard","twitter_site":"@stevegerrard","twitter_misc":{"\u00c9crit par":"Steve Gerrard","Dur\u00e9e de lecture estim\u00e9e":"1 minute"},"schema":{"@context":"https:\/\/schema.org","@graph":[{"@type":"Article","@id":"https:\/\/stevegerrard.com\/fr\/sessions-familiales-au-royaume-uni-pour-la-moitie-du-trimestre\/#article","isPartOf":{"@id":"https:\/\/stevegerrard.com\/fr\/sessions-familiales-au-royaume-uni-pour-la-moitie-du-trimestre\/"},"author":{"name":"Steve Gerrard","@id":"https:\/\/stevegerrard.com\/fr\/#\/schema\/person\/b0486803327c43f1437d11a2c2998eb6"},"headline":"Sessions familiales au Royaume-Uni pour la moiti\u00e9 du trimestre","datePublished":"2025-04-17T19:59:00+00:00","mainEntityOfPage":{"@id":"https:\/\/stevegerrard.com\/fr\/sessions-familiales-au-royaume-uni-pour-la-moitie-du-trimestre\/"},"wordCount":195,"commentCount":0,"publisher":{"@id":"https:\/\/stevegerrard.com\/fr\/#\/schema\/person\/b0486803327c43f1437d11a2c2998eb6"},"image":{"@id":"https:\/\/stevegerrard.com\/fr\/sessions-familiales-au-royaume-uni-pour-la-moitie-du-trimestre\/#primaryimage"},"thumbnailUrl":"https:\/\/stevegerrard.com\/wp-content\/uploads\/2020\/11\/montreal-family-photographers_0899.jpg","articleSection":["Uncategorized"],"inLanguage":"fr-FR","potentialAction":[{"@type":"CommentAction","name":"Comment","target":["https:\/\/stevegerrard.com\/fr\/sessions-familiales-au-royaume-uni-pour-la-moitie-du-trimestre\/#respond"]}]},{"@type":"WebPage","@id":"https:\/\/stevegerrard.com\/fr\/sessions-familiales-au-royaume-uni-pour-la-moitie-du-trimestre\/","url":"https:\/\/stevegerrard.com\/fr\/sessions-familiales-au-royaume-uni-pour-la-moitie-du-trimestre\/","name":"Sessions familiales au Royaume-Uni pour la moiti\u00e9 du trimestre - Steve Gerrard Photography","isPartOf":{"@id":"https:\/\/stevegerrard.com\/fr\/#website"},"primaryImageOfPage":{"@id":"https:\/\/stevegerrard.com\/fr\/sessions-familiales-au-royaume-uni-pour-la-moitie-du-trimestre\/#primaryimage"},"image":{"@id":"https:\/\/stevegerrard.com\/fr\/sessions-familiales-au-royaume-uni-pour-la-moitie-du-trimestre\/#primaryimage"},"thumbnailUrl":"https:\/\/stevegerrard.com\/wp-content\/uploads\/2020\/11\/montreal-family-photographers_0899.jpg","datePublished":"2025-04-17T19:59:00+00:00","breadcrumb":{"@id":"https:\/\/stevegerrard.com\/fr\/sessions-familiales-au-royaume-uni-pour-la-moitie-du-trimestre\/#breadcrumb"},"inLanguage":"fr-FR","potentialAction":[{"@type":"ReadAction","target":["https:\/\/stevegerrard.com\/fr\/sessions-familiales-au-royaume-uni-pour-la-moitie-du-trimestre\/"]}]},{"@type":"ImageObject","inLanguage":"fr-FR","@id":"https:\/\/stevegerrard.com\/fr\/sessions-familiales-au-royaume-uni-pour-la-moitie-du-trimestre\/#primaryimage","url":"https:\/\/stevegerrard.com\/wp-content\/uploads\/2020\/11\/montreal-family-photographers_0899.jpg","contentUrl":"https:\/\/stevegerrard.com\/wp-content\/uploads\/2020\/11\/montreal-family-photographers_0899.jpg","width":2048,"height":1375},{"@type":"BreadcrumbList","@id":"https:\/\/stevegerrard.com\/fr\/sessions-familiales-au-royaume-uni-pour-la-moitie-du-trimestre\/#breadcrumb","itemListElement":[{"@type":"ListItem","position":1,"name":"Home","item":"https:\/\/stevegerrard.com\/fr\/"},{"@type":"ListItem","position":2,"name":"Sessions familiales au Royaume-Uni pour la moiti\u00e9 du trimestre"}]},{"@type":"WebSite","@id":"https:\/\/stevegerrard.com\/fr\/#website","url":"https:\/\/stevegerrard.com\/fr\/","name":"Steve Gerrard Photography","description":"Wedding, portrait &amp; music photography","publisher":{"@id":"https:\/\/stevegerrard.com\/fr\/#\/schema\/person\/b0486803327c43f1437d11a2c2998eb6"},"potentialAction":[{"@type":"SearchAction","target":{"@type":"EntryPoint","urlTemplate":"https:\/\/stevegerrard.com\/fr\/?s={search_term_string}"},"query-input":{"@type":"PropertyValueSpecification","valueRequired":true,"valueName":"search_term_string"}}],"inLanguage":"fr-FR"},{"@type":["Person","Organization"],"@id":"https:\/\/stevegerrard.com\/fr\/#\/schema\/person\/b0486803327c43f1437d11a2c2998eb6","name":"Steve Gerrard","image":{"@type":"ImageObject","inLanguage":"fr-FR","@id":"https:\/\/stevegerrard.com\/wp-content\/uploads\/2022\/01\/HiResLogo-square.jpg","url":"https:\/\/stevegerrard.com\/wp-content\/uploads\/2022\/01\/HiResLogo-square.jpg","contentUrl":"https:\/\/stevegerrard.com\/wp-content\/uploads\/2022\/01\/HiResLogo-square.jpg","width":1142,"height":1143,"caption":"Steve Gerrard"},"logo":{"@id":"https:\/\/stevegerrard.com\/wp-content\/uploads\/2022\/01\/HiResLogo-square.jpg"},"description":"?? Wedding + Portrait Photographer ? ???. ???????. ????? ??????.\u2063 I photograph portraits, bands &amp; cool weddings","sameAs":["https:\/\/stevegerrard.com\/","https:\/\/www.facebook.com\/stevegerrardphotography","https:\/\/www.instagram.com\/stevegerrard\/","https:\/\/www.linkedin.com\/in\/stevegerrardphotography\/","https:\/\/x.com\/stevegerrard","https:\/\/www.youtube.com\/c\/SteveGerrardPhotography"]}]}},"_links":{"self":[{"href":"https:\/\/stevegerrard.com\/fr\/wp-json\/wp\/v2\/posts\/69972","targetHints":{"allow":["GET"]}}],"collection":[{"href":"https:\/\/stevegerrard.com\/fr\/wp-json\/wp\/v2\/posts"}],"about":[{"href":"https:\/\/stevegerrard.com\/fr\/wp-json\/wp\/v2\/types\/post"}],"author":[{"embeddable":true,"href":"https:\/\/stevegerrard.com\/fr\/wp-json\/wp\/v2\/users\/2"}],"replies":[{"embeddable":true,"href":"https:\/\/stevegerrard.com\/fr\/wp-json\/wp\/v2\/comments?post=69972"}],"version-history":[{"count":1,"href":"https:\/\/stevegerrard.com\/fr\/wp-json\/wp\/v2\/posts\/69972\/revisions"}],"predecessor-version":[{"id":69973,"href":"https:\/\/stevegerrard.com\/fr\/wp-json\/wp\/v2\/posts\/69972\/revisions\/69973"}],"wp:featuredmedia":[{"embeddable":true,"href":"https:\/\/stevegerrard.com\/fr\/wp-json\/wp\/v2\/media\/55139"}],"wp:attachment":[{"href":"https:\/\/stevegerrard.com\/fr\/wp-json\/wp\/v2\/media?parent=69972"}],"wp:term":[{"taxonomy":"category","embeddable":true,"href":"https:\/\/stevegerrard.com\/fr\/wp-json\/wp\/v2\/categories?post=69972"},{"taxonomy":"post_tag","embeddable":true,"href":"https:\/\/stevegerrard.com\/fr\/wp-json\/wp\/v2\/tags?post=69972"}],"curies":[{"name":"wp","href":"https:\/\/api.w.org\/{rel}","templated":true}]}}