{"id":73292,"date":"2011-08-06T10:20:16","date_gmt":"2011-08-06T14:20:16","guid":{"rendered":"https:\/\/stevegerrard.com\/fete-danniversaire-delliott-et-jonas\/"},"modified":"2011-08-06T10:20:16","modified_gmt":"2011-08-06T14:20:16","slug":"fete-danniversaire-delliott-et-jonas","status":"publish","type":"post","link":"https:\/\/stevegerrard.com\/fr\/fete-danniversaire-delliott-et-jonas\/","title":{"rendered":"F\u00eate d&rsquo;anniversaire d&rsquo;Elliott et Jonas"},"content":{"rendered":"<p><a href=\"http:\/\/stevegerrardphotography.com\/wp-content\/uploads\/2011\/08\/2011-08-05_001.jpg\"><img fetchpriority=\"high\" decoding=\"async\" class=\"alignnone size-full wp-image-12827\" title=\"2011-08-05_001\" src=\"http:\/\/stevegerrardphotography.com\/wp-content\/uploads\/2011\/08\/2011-08-05_001.jpg\" alt=\"\" width=\"620\" height=\"416\"><\/a><\/p>\n<p>Il y a quelques semaines, nous avons c\u00e9l\u00e9br\u00e9 le 4e anniversaire d&rsquo;Elliott et le 1er anniversaire de Jonas (ils ont 10 jours d&rsquo;\u00e9cart) en organisant une f\u00eate chez nous.<\/p>\n<p>Evelyne s&rsquo;est surpass\u00e9e en organisant quelque chose d&rsquo;un peu diff\u00e9rent. Les incroyables g\u00e2teaux et sucreries ont \u00e9t\u00e9 confectionn\u00e9s par <a href=\"http:\/\/www.boutiquebaking.co.uk\/\" target=\"_blank\" rel=\"noopener\">The Boutique Baking Company<\/a> et toutes ces photos ont \u00e9t\u00e9 prises par notre talentueuse et adorable amie, <a href=\"http:\/\/emmacasephotography.blogspot.com\/p\/little-background-about-me.html\" target=\"_blank\" rel=\"noopener\">Emma Case<\/a>.<\/p>\n<p>Cette f\u00eate a \u00e9galement \u00e9t\u00e9 pr\u00e9sent\u00e9e sur l&rsquo;adorable blog <a href=\"http:\/\/www.bellebebes.co.uk\/2011\/08\/a-british-seaside-party\/\" target=\"_blank\" rel=\"noopener\">Belle B\u00e9b\u00e9s<\/a>\ud83d\ude42<\/p>\n<p><a href=\"http:\/\/stevegerrardphotography.com\/wp-content\/uploads\/2011\/08\/2011-08-05_002.jpg\"><img decoding=\"async\" class=\"alignnone size-full wp-image-12828\" title=\"2011-08-05_002\" src=\"http:\/\/stevegerrardphotography.com\/wp-content\/uploads\/2011\/08\/2011-08-05_002.jpg\" alt=\"\" width=\"620\" height=\"515\"><\/a><a href=\"http:\/\/stevegerrardphotography.com\/wp-content\/uploads\/2011\/08\/2011-08-05_003.jpg\"><img decoding=\"async\" class=\"alignnone size-full wp-image-12829\" title=\"2011-08-05_003\" src=\"http:\/\/stevegerrardphotography.com\/wp-content\/uploads\/2011\/08\/2011-08-05_003.jpg\" alt=\"\" width=\"620\" height=\"440\"><\/a><a href=\"http:\/\/stevegerrardphotography.com\/wp-content\/uploads\/2011\/08\/2011-08-05_004.jpg\"><img loading=\"lazy\" decoding=\"async\" class=\"alignnone size-full wp-image-12830\" title=\"2011-08-05_004\" src=\"http:\/\/stevegerrardphotography.com\/wp-content\/uploads\/2011\/08\/2011-08-05_004.jpg\" alt=\"\" width=\"620\" height=\"440\"><\/a><a href=\"http:\/\/stevegerrardphotography.com\/wp-content\/uploads\/2011\/08\/2011-08-05_005.jpg\"><img loading=\"lazy\" decoding=\"async\" class=\"alignnone size-full wp-image-12831\" title=\"2011-08-05_005\" src=\"http:\/\/stevegerrardphotography.com\/wp-content\/uploads\/2011\/08\/2011-08-05_005.jpg\" alt=\"\" width=\"620\" height=\"515\"><\/a><a href=\"http:\/\/stevegerrardphotography.com\/wp-content\/uploads\/2011\/08\/2011-08-05_006.jpg\"><img loading=\"lazy\" decoding=\"async\" class=\"alignnone size-full wp-image-12832\" title=\"2011-08-05_006\" src=\"http:\/\/stevegerrardphotography.com\/wp-content\/uploads\/2011\/08\/2011-08-05_006.jpg\" alt=\"\" width=\"620\" height=\"875\"><\/a><a href=\"http:\/\/stevegerrardphotography.com\/wp-content\/uploads\/2011\/08\/2011-08-05_007.jpg\"><img loading=\"lazy\" decoding=\"async\" class=\"alignnone size-full wp-image-12833\" title=\"2011-08-05_007\" src=\"http:\/\/stevegerrardphotography.com\/wp-content\/uploads\/2011\/08\/2011-08-05_007.jpg\" alt=\"\" width=\"620\" height=\"875\"><\/a><a href=\"http:\/\/stevegerrardphotography.com\/wp-content\/uploads\/2011\/08\/2011-08-05_008.jpg\"><img loading=\"lazy\" decoding=\"async\" class=\"alignnone size-full wp-image-12834\" title=\"2011-08-05_008\" src=\"http:\/\/stevegerrardphotography.com\/wp-content\/uploads\/2011\/08\/2011-08-05_008.jpg\" alt=\"\" width=\"620\" height=\"419\"><\/a><a href=\"http:\/\/stevegerrardphotography.com\/wp-content\/uploads\/2011\/08\/2011-08-05_009.jpg\"><img loading=\"lazy\" decoding=\"async\" class=\"alignnone size-full wp-image-12835\" title=\"2011-08-05_009\" src=\"http:\/\/stevegerrardphotography.com\/wp-content\/uploads\/2011\/08\/2011-08-05_009.jpg\" alt=\"\" width=\"620\" height=\"671\"><\/a><a href=\"http:\/\/stevegerrardphotography.com\/wp-content\/uploads\/2011\/08\/2011-08-05_010.jpg\"><img loading=\"lazy\" decoding=\"async\" class=\"alignnone size-full wp-image-12836\" title=\"2011-08-05_010\" src=\"http:\/\/stevegerrardphotography.com\/wp-content\/uploads\/2011\/08\/2011-08-05_010.jpg\" alt=\"\" width=\"620\" height=\"515\"><\/a><a href=\"http:\/\/stevegerrardphotography.com\/wp-content\/uploads\/2011\/08\/2011-08-05_011.jpg\"><img loading=\"lazy\" decoding=\"async\" class=\"alignnone size-full wp-image-12837\" title=\"2011-08-05_011\" src=\"http:\/\/stevegerrardphotography.com\/wp-content\/uploads\/2011\/08\/2011-08-05_011.jpg\" alt=\"\" width=\"620\" height=\"496\"><\/a><a href=\"http:\/\/stevegerrardphotography.com\/wp-content\/uploads\/2011\/08\/2011-08-05_012.jpg\"><img loading=\"lazy\" decoding=\"async\" class=\"alignnone size-full wp-image-12838\" title=\"2011-08-05_012\" src=\"http:\/\/stevegerrardphotography.com\/wp-content\/uploads\/2011\/08\/2011-08-05_012.jpg\" alt=\"\" width=\"620\" height=\"440\"><\/a><a href=\"http:\/\/stevegerrardphotography.com\/wp-content\/uploads\/2011\/08\/2011-08-05_013.jpg\"><img loading=\"lazy\" decoding=\"async\" class=\"alignnone size-full wp-image-12839\" title=\"2011-08-05_013\" src=\"http:\/\/stevegerrardphotography.com\/wp-content\/uploads\/2011\/08\/2011-08-05_013.jpg\" alt=\"\" width=\"620\" height=\"1238\"><\/a><a href=\"http:\/\/stevegerrardphotography.com\/wp-content\/uploads\/2011\/08\/2011-08-05_014.jpg\"><img loading=\"lazy\" decoding=\"async\" class=\"alignnone size-full wp-image-12840\" title=\"2011-08-05_014\" src=\"http:\/\/stevegerrardphotography.com\/wp-content\/uploads\/2011\/08\/2011-08-05_014.jpg\" alt=\"\" width=\"620\" height=\"875\"><\/a><a href=\"http:\/\/stevegerrardphotography.com\/wp-content\/uploads\/2011\/08\/2011-08-05_015.jpg\"><img loading=\"lazy\" decoding=\"async\" class=\"alignnone size-full wp-image-12841\" title=\"2011-08-05_015\" src=\"http:\/\/stevegerrardphotography.com\/wp-content\/uploads\/2011\/08\/2011-08-05_015.jpg\" alt=\"\" width=\"620\" height=\"419\"><\/a><a href=\"http:\/\/stevegerrardphotography.com\/wp-content\/uploads\/2011\/08\/2011-08-05_016.jpg\"><img loading=\"lazy\" decoding=\"async\" class=\"alignnone size-full wp-image-12842\" title=\"2011-08-05_016\" src=\"http:\/\/stevegerrardphotography.com\/wp-content\/uploads\/2011\/08\/2011-08-05_016.jpg\" alt=\"\" width=\"620\" height=\"1238\"><\/a><a href=\"http:\/\/stevegerrardphotography.com\/wp-content\/uploads\/2011\/08\/2011-08-05_017.jpg\"><img loading=\"lazy\" decoding=\"async\" class=\"alignnone size-full wp-image-12843\" title=\"2011-08-05_017\" src=\"http:\/\/stevegerrardphotography.com\/wp-content\/uploads\/2011\/08\/2011-08-05_017.jpg\" alt=\"\" width=\"620\" height=\"827\"><\/a><a href=\"http:\/\/stevegerrardphotography.com\/wp-content\/uploads\/2011\/08\/2011-08-05_018.jpg\"><img loading=\"lazy\" decoding=\"async\" class=\"alignnone size-full wp-image-12844\" title=\"2011-08-05_018\" src=\"http:\/\/stevegerrardphotography.com\/wp-content\/uploads\/2011\/08\/2011-08-05_018.jpg\" alt=\"\" width=\"620\" height=\"464\"><\/a><a href=\"http:\/\/stevegerrardphotography.com\/wp-content\/uploads\/2011\/08\/2011-08-05_019.jpg\"><img loading=\"lazy\" decoding=\"async\" class=\"alignnone size-full wp-image-12845\" title=\"2011-08-05_019\" src=\"http:\/\/stevegerrardphotography.com\/wp-content\/uploads\/2011\/08\/2011-08-05_019.jpg\" alt=\"\" width=\"620\" height=\"416\"><\/a><\/p>\n<p>Merci \u00e0 tous ceux qui sont venus et qui ont rendu la f\u00eate si amusante&#8230;. Nous avons les meilleurs amis !<\/p>\n<p>&nbsp;<\/p>\n","protected":false},"excerpt":{"rendered":"<p>Il y a quelques semaines, nous avons c\u00e9l\u00e9br\u00e9 le 4e anniversaire d&rsquo;Elliott et le 1er anniversaire de Jonas (ils ont 10 jours d&rsquo;\u00e9cart) en organisant une f\u00eate chez nous. Evelyne s&rsquo;est surpass\u00e9e en organisant quelque chose d&rsquo;un peu diff\u00e9rent. Les incroyables g\u00e2teaux et sucreries ont \u00e9t\u00e9 confectionn\u00e9s par The Boutique Baking Company et toutes ces [&hellip;]<\/p>\n","protected":false},"author":2,"featured_media":0,"comment_status":"open","ping_status":"closed","sticky":false,"template":"","format":"standard","meta":{"_acf_changed":false,"footnotes":""},"categories":[5391,5544],"tags":[5684,5672,5399,5679,5408,5674,5681,5680,5686,5668,5515,5407],"class_list":["post-73292","post","type-post","status-publish","format-standard","hentry","category-blog-fr","category-personnel","tag-avenue-jayshaw","tag-b43-fr","tag-birmingham-fr","tag-boutique-baking-company-fr","tag-cas-demma","tag-chateau-gonflable","tag-fete-des-enfants","tag-fetes-denfants","tag-fetes-denfants-fr","tag-grand-barr","tag-photographe","tag-photographie"],"acf":[],"yoast_head":"<!-- This site is optimized with the Yoast SEO Premium plugin v27.4 (Yoast SEO v27.5) - https:\/\/yoast.com\/product\/yoast-seo-premium-wordpress\/ -->\n<title>F\u00eate d&#039;anniversaire d&#039;Elliott et Jonas - Steve Gerrard Photography<\/title>\n<meta name=\"robots\" content=\"index, follow, max-snippet:-1, max-image-preview:large, max-video-preview:-1\" \/>\n<link rel=\"canonical\" href=\"https:\/\/stevegerrard.com\/fr\/fete-danniversaire-delliott-et-jonas\/\" \/>\n<meta property=\"og:locale\" content=\"fr_FR\" \/>\n<meta property=\"og:type\" content=\"article\" \/>\n<meta property=\"og:title\" content=\"F\u00eate d&#039;anniversaire d&#039;Elliott et Jonas\" \/>\n<meta property=\"og:description\" content=\"Il y a quelques semaines, nous avons c\u00e9l\u00e9br\u00e9 le 4e anniversaire d&rsquo;Elliott et le 1er anniversaire de Jonas (ils ont 10 jours d&rsquo;\u00e9cart) en organisant une f\u00eate chez nous. Evelyne s&rsquo;est surpass\u00e9e en organisant quelque chose d&rsquo;un peu diff\u00e9rent. Les incroyables g\u00e2teaux et sucreries ont \u00e9t\u00e9 confectionn\u00e9s par The Boutique Baking Company et toutes ces [&hellip;]\" \/>\n<meta property=\"og:url\" content=\"https:\/\/stevegerrard.com\/fr\/fete-danniversaire-delliott-et-jonas\/\" \/>\n<meta property=\"og:site_name\" content=\"Steve Gerrard Photography\" \/>\n<meta property=\"article:publisher\" content=\"https:\/\/www.facebook.com\/stevegerrardphotography\" \/>\n<meta property=\"article:author\" content=\"https:\/\/www.facebook.com\/stevegerrardphotography\" \/>\n<meta property=\"article:published_time\" content=\"2011-08-06T14:20:16+00:00\" \/>\n<meta property=\"og:image\" content=\"http:\/\/stevegerrardphotography.com\/wp-content\/uploads\/2011\/08\/2011-08-05_001.jpg\" \/>\n<meta name=\"author\" content=\"Steve Gerrard\" \/>\n<meta name=\"twitter:card\" content=\"summary_large_image\" \/>\n<meta name=\"twitter:creator\" content=\"@stevegerrard\" \/>\n<meta name=\"twitter:site\" content=\"@stevegerrard\" \/>\n<meta name=\"twitter:label1\" content=\"\u00c9crit par\" \/>\n\t<meta name=\"twitter:data1\" content=\"Steve Gerrard\" \/>\n\t<meta name=\"twitter:label2\" content=\"Dur\u00e9e de lecture estim\u00e9e\" \/>\n\t<meta name=\"twitter:data2\" content=\"1 minute\" \/>\n<script type=\"application\/ld+json\" class=\"yoast-schema-graph\">{\"@context\":\"https:\\\/\\\/schema.org\",\"@graph\":[{\"@type\":\"Article\",\"@id\":\"https:\\\/\\\/stevegerrard.com\\\/fr\\\/fete-danniversaire-delliott-et-jonas\\\/#article\",\"isPartOf\":{\"@id\":\"https:\\\/\\\/stevegerrard.com\\\/fr\\\/fete-danniversaire-delliott-et-jonas\\\/\"},\"author\":{\"name\":\"Steve Gerrard\",\"@id\":\"https:\\\/\\\/stevegerrard.com\\\/fr\\\/#\\\/schema\\\/person\\\/b0486803327c43f1437d11a2c2998eb6\"},\"headline\":\"F\u00eate d&rsquo;anniversaire d&rsquo;Elliott et Jonas\",\"datePublished\":\"2011-08-06T14:20:16+00:00\",\"mainEntityOfPage\":{\"@id\":\"https:\\\/\\\/stevegerrard.com\\\/fr\\\/fete-danniversaire-delliott-et-jonas\\\/\"},\"wordCount\":123,\"commentCount\":0,\"publisher\":{\"@id\":\"https:\\\/\\\/stevegerrard.com\\\/fr\\\/#\\\/schema\\\/person\\\/b0486803327c43f1437d11a2c2998eb6\"},\"image\":{\"@id\":\"https:\\\/\\\/stevegerrard.com\\\/fr\\\/fete-danniversaire-delliott-et-jonas\\\/#primaryimage\"},\"thumbnailUrl\":\"http:\\\/\\\/stevegerrardphotography.com\\\/wp-content\\\/uploads\\\/2011\\\/08\\\/2011-08-05_001.jpg\",\"keywords\":[\"avenue jayshaw\",\"b43\",\"Birmingham\",\"boutique baking company\",\"cas d'emma\",\"ch\u00e2teau gonflable\",\"f\u00eate des enfants\",\"f\u00eates d'enfants\",\"f\u00eates d'enfants\",\"grand barr\",\"photographe\",\"Photographie\"],\"articleSection\":[\"Blog\",\"Personnel\"],\"inLanguage\":\"fr-FR\",\"potentialAction\":[{\"@type\":\"CommentAction\",\"name\":\"Comment\",\"target\":[\"https:\\\/\\\/stevegerrard.com\\\/fr\\\/fete-danniversaire-delliott-et-jonas\\\/#respond\"]}]},{\"@type\":\"WebPage\",\"@id\":\"https:\\\/\\\/stevegerrard.com\\\/fr\\\/fete-danniversaire-delliott-et-jonas\\\/\",\"url\":\"https:\\\/\\\/stevegerrard.com\\\/fr\\\/fete-danniversaire-delliott-et-jonas\\\/\",\"name\":\"F\u00eate d'anniversaire d'Elliott et Jonas - Steve Gerrard Photography\",\"isPartOf\":{\"@id\":\"https:\\\/\\\/stevegerrard.com\\\/fr\\\/#website\"},\"primaryImageOfPage\":{\"@id\":\"https:\\\/\\\/stevegerrard.com\\\/fr\\\/fete-danniversaire-delliott-et-jonas\\\/#primaryimage\"},\"image\":{\"@id\":\"https:\\\/\\\/stevegerrard.com\\\/fr\\\/fete-danniversaire-delliott-et-jonas\\\/#primaryimage\"},\"thumbnailUrl\":\"http:\\\/\\\/stevegerrardphotography.com\\\/wp-content\\\/uploads\\\/2011\\\/08\\\/2011-08-05_001.jpg\",\"datePublished\":\"2011-08-06T14:20:16+00:00\",\"breadcrumb\":{\"@id\":\"https:\\\/\\\/stevegerrard.com\\\/fr\\\/fete-danniversaire-delliott-et-jonas\\\/#breadcrumb\"},\"inLanguage\":\"fr-FR\",\"potentialAction\":[{\"@type\":\"ReadAction\",\"target\":[\"https:\\\/\\\/stevegerrard.com\\\/fr\\\/fete-danniversaire-delliott-et-jonas\\\/\"]}]},{\"@type\":\"ImageObject\",\"inLanguage\":\"fr-FR\",\"@id\":\"https:\\\/\\\/stevegerrard.com\\\/fr\\\/fete-danniversaire-delliott-et-jonas\\\/#primaryimage\",\"url\":\"http:\\\/\\\/stevegerrardphotography.com\\\/wp-content\\\/uploads\\\/2011\\\/08\\\/2011-08-05_001.jpg\",\"contentUrl\":\"http:\\\/\\\/stevegerrardphotography.com\\\/wp-content\\\/uploads\\\/2011\\\/08\\\/2011-08-05_001.jpg\"},{\"@type\":\"BreadcrumbList\",\"@id\":\"https:\\\/\\\/stevegerrard.com\\\/fr\\\/fete-danniversaire-delliott-et-jonas\\\/#breadcrumb\",\"itemListElement\":[{\"@type\":\"ListItem\",\"position\":1,\"name\":\"Home\",\"item\":\"https:\\\/\\\/stevegerrard.com\\\/fr\\\/\"},{\"@type\":\"ListItem\",\"position\":2,\"name\":\"F\u00eate d&rsquo;anniversaire d&rsquo;Elliott et Jonas\"}]},{\"@type\":\"WebSite\",\"@id\":\"https:\\\/\\\/stevegerrard.com\\\/fr\\\/#website\",\"url\":\"https:\\\/\\\/stevegerrard.com\\\/fr\\\/\",\"name\":\"Steve Gerrard Photography\",\"description\":\"Wedding, portrait &amp; music photography\",\"publisher\":{\"@id\":\"https:\\\/\\\/stevegerrard.com\\\/fr\\\/#\\\/schema\\\/person\\\/b0486803327c43f1437d11a2c2998eb6\"},\"potentialAction\":[{\"@type\":\"SearchAction\",\"target\":{\"@type\":\"EntryPoint\",\"urlTemplate\":\"https:\\\/\\\/stevegerrard.com\\\/fr\\\/?s={search_term_string}\"},\"query-input\":{\"@type\":\"PropertyValueSpecification\",\"valueRequired\":true,\"valueName\":\"search_term_string\"}}],\"inLanguage\":\"fr-FR\"},{\"@type\":[\"Person\",\"Organization\"],\"@id\":\"https:\\\/\\\/stevegerrard.com\\\/fr\\\/#\\\/schema\\\/person\\\/b0486803327c43f1437d11a2c2998eb6\",\"name\":\"Steve Gerrard\",\"image\":{\"@type\":\"ImageObject\",\"inLanguage\":\"fr-FR\",\"@id\":\"https:\\\/\\\/stevegerrard.com\\\/wp-content\\\/uploads\\\/2022\\\/01\\\/HiResLogo-square.jpg\",\"url\":\"https:\\\/\\\/stevegerrard.com\\\/wp-content\\\/uploads\\\/2022\\\/01\\\/HiResLogo-square.jpg\",\"contentUrl\":\"https:\\\/\\\/stevegerrard.com\\\/wp-content\\\/uploads\\\/2022\\\/01\\\/HiResLogo-square.jpg\",\"width\":1142,\"height\":1143,\"caption\":\"Steve Gerrard\"},\"logo\":{\"@id\":\"https:\\\/\\\/stevegerrard.com\\\/wp-content\\\/uploads\\\/2022\\\/01\\\/HiResLogo-square.jpg\"},\"description\":\"Hi, I\u2019m Steve &amp; I\u2019m a wedding, portrait &amp; music photographer. I do things a bit differently. My photography style is authentic, creative, and cheese-free!\",\"sameAs\":[\"https:\\\/\\\/stevegerrard.com\\\/\",\"https:\\\/\\\/www.facebook.com\\\/stevegerrardphotography\",\"https:\\\/\\\/www.instagram.com\\\/stevegerrard\\\/\",\"https:\\\/\\\/www.linkedin.com\\\/in\\\/stevegerrardphotography\\\/\",\"https:\\\/\\\/x.com\\\/stevegerrard\",\"https:\\\/\\\/www.youtube.com\\\/c\\\/SteveGerrardPhotography\"]}]}<\/script>\n<!-- \/ Yoast SEO Premium plugin. -->","yoast_head_json":{"title":"F\u00eate d'anniversaire d'Elliott et Jonas - Steve Gerrard Photography","robots":{"index":"index","follow":"follow","max-snippet":"max-snippet:-1","max-image-preview":"max-image-preview:large","max-video-preview":"max-video-preview:-1"},"canonical":"https:\/\/stevegerrard.com\/fr\/fete-danniversaire-delliott-et-jonas\/","og_locale":"fr_FR","og_type":"article","og_title":"F\u00eate d'anniversaire d'Elliott et Jonas","og_description":"Il y a quelques semaines, nous avons c\u00e9l\u00e9br\u00e9 le 4e anniversaire d&rsquo;Elliott et le 1er anniversaire de Jonas (ils ont 10 jours d&rsquo;\u00e9cart) en organisant une f\u00eate chez nous. Evelyne s&rsquo;est surpass\u00e9e en organisant quelque chose d&rsquo;un peu diff\u00e9rent. Les incroyables g\u00e2teaux et sucreries ont \u00e9t\u00e9 confectionn\u00e9s par The Boutique Baking Company et toutes ces [&hellip;]","og_url":"https:\/\/stevegerrard.com\/fr\/fete-danniversaire-delliott-et-jonas\/","og_site_name":"Steve Gerrard Photography","article_publisher":"https:\/\/www.facebook.com\/stevegerrardphotography","article_author":"https:\/\/www.facebook.com\/stevegerrardphotography","article_published_time":"2011-08-06T14:20:16+00:00","og_image":[{"url":"http:\/\/stevegerrardphotography.com\/wp-content\/uploads\/2011\/08\/2011-08-05_001.jpg","type":"","width":"","height":""}],"author":"Steve Gerrard","twitter_card":"summary_large_image","twitter_creator":"@stevegerrard","twitter_site":"@stevegerrard","twitter_misc":{"\u00c9crit par":"Steve Gerrard","Dur\u00e9e de lecture estim\u00e9e":"1 minute"},"schema":{"@context":"https:\/\/schema.org","@graph":[{"@type":"Article","@id":"https:\/\/stevegerrard.com\/fr\/fete-danniversaire-delliott-et-jonas\/#article","isPartOf":{"@id":"https:\/\/stevegerrard.com\/fr\/fete-danniversaire-delliott-et-jonas\/"},"author":{"name":"Steve Gerrard","@id":"https:\/\/stevegerrard.com\/fr\/#\/schema\/person\/b0486803327c43f1437d11a2c2998eb6"},"headline":"F\u00eate d&rsquo;anniversaire d&rsquo;Elliott et Jonas","datePublished":"2011-08-06T14:20:16+00:00","mainEntityOfPage":{"@id":"https:\/\/stevegerrard.com\/fr\/fete-danniversaire-delliott-et-jonas\/"},"wordCount":123,"commentCount":0,"publisher":{"@id":"https:\/\/stevegerrard.com\/fr\/#\/schema\/person\/b0486803327c43f1437d11a2c2998eb6"},"image":{"@id":"https:\/\/stevegerrard.com\/fr\/fete-danniversaire-delliott-et-jonas\/#primaryimage"},"thumbnailUrl":"http:\/\/stevegerrardphotography.com\/wp-content\/uploads\/2011\/08\/2011-08-05_001.jpg","keywords":["avenue jayshaw","b43","Birmingham","boutique baking company","cas d'emma","ch\u00e2teau gonflable","f\u00eate des enfants","f\u00eates d'enfants","f\u00eates d'enfants","grand barr","photographe","Photographie"],"articleSection":["Blog","Personnel"],"inLanguage":"fr-FR","potentialAction":[{"@type":"CommentAction","name":"Comment","target":["https:\/\/stevegerrard.com\/fr\/fete-danniversaire-delliott-et-jonas\/#respond"]}]},{"@type":"WebPage","@id":"https:\/\/stevegerrard.com\/fr\/fete-danniversaire-delliott-et-jonas\/","url":"https:\/\/stevegerrard.com\/fr\/fete-danniversaire-delliott-et-jonas\/","name":"F\u00eate d'anniversaire d'Elliott et Jonas - Steve Gerrard Photography","isPartOf":{"@id":"https:\/\/stevegerrard.com\/fr\/#website"},"primaryImageOfPage":{"@id":"https:\/\/stevegerrard.com\/fr\/fete-danniversaire-delliott-et-jonas\/#primaryimage"},"image":{"@id":"https:\/\/stevegerrard.com\/fr\/fete-danniversaire-delliott-et-jonas\/#primaryimage"},"thumbnailUrl":"http:\/\/stevegerrardphotography.com\/wp-content\/uploads\/2011\/08\/2011-08-05_001.jpg","datePublished":"2011-08-06T14:20:16+00:00","breadcrumb":{"@id":"https:\/\/stevegerrard.com\/fr\/fete-danniversaire-delliott-et-jonas\/#breadcrumb"},"inLanguage":"fr-FR","potentialAction":[{"@type":"ReadAction","target":["https:\/\/stevegerrard.com\/fr\/fete-danniversaire-delliott-et-jonas\/"]}]},{"@type":"ImageObject","inLanguage":"fr-FR","@id":"https:\/\/stevegerrard.com\/fr\/fete-danniversaire-delliott-et-jonas\/#primaryimage","url":"http:\/\/stevegerrardphotography.com\/wp-content\/uploads\/2011\/08\/2011-08-05_001.jpg","contentUrl":"http:\/\/stevegerrardphotography.com\/wp-content\/uploads\/2011\/08\/2011-08-05_001.jpg"},{"@type":"BreadcrumbList","@id":"https:\/\/stevegerrard.com\/fr\/fete-danniversaire-delliott-et-jonas\/#breadcrumb","itemListElement":[{"@type":"ListItem","position":1,"name":"Home","item":"https:\/\/stevegerrard.com\/fr\/"},{"@type":"ListItem","position":2,"name":"F\u00eate d&rsquo;anniversaire d&rsquo;Elliott et Jonas"}]},{"@type":"WebSite","@id":"https:\/\/stevegerrard.com\/fr\/#website","url":"https:\/\/stevegerrard.com\/fr\/","name":"Steve Gerrard Photography","description":"Wedding, portrait &amp; music photography","publisher":{"@id":"https:\/\/stevegerrard.com\/fr\/#\/schema\/person\/b0486803327c43f1437d11a2c2998eb6"},"potentialAction":[{"@type":"SearchAction","target":{"@type":"EntryPoint","urlTemplate":"https:\/\/stevegerrard.com\/fr\/?s={search_term_string}"},"query-input":{"@type":"PropertyValueSpecification","valueRequired":true,"valueName":"search_term_string"}}],"inLanguage":"fr-FR"},{"@type":["Person","Organization"],"@id":"https:\/\/stevegerrard.com\/fr\/#\/schema\/person\/b0486803327c43f1437d11a2c2998eb6","name":"Steve Gerrard","image":{"@type":"ImageObject","inLanguage":"fr-FR","@id":"https:\/\/stevegerrard.com\/wp-content\/uploads\/2022\/01\/HiResLogo-square.jpg","url":"https:\/\/stevegerrard.com\/wp-content\/uploads\/2022\/01\/HiResLogo-square.jpg","contentUrl":"https:\/\/stevegerrard.com\/wp-content\/uploads\/2022\/01\/HiResLogo-square.jpg","width":1142,"height":1143,"caption":"Steve Gerrard"},"logo":{"@id":"https:\/\/stevegerrard.com\/wp-content\/uploads\/2022\/01\/HiResLogo-square.jpg"},"description":"Hi, I\u2019m Steve &amp; I\u2019m a wedding, portrait &amp; music photographer. I do things a bit differently. My photography style is authentic, creative, and cheese-free!","sameAs":["https:\/\/stevegerrard.com\/","https:\/\/www.facebook.com\/stevegerrardphotography","https:\/\/www.instagram.com\/stevegerrard\/","https:\/\/www.linkedin.com\/in\/stevegerrardphotography\/","https:\/\/x.com\/stevegerrard","https:\/\/www.youtube.com\/c\/SteveGerrardPhotography"]}]}},"_links":{"self":[{"href":"https:\/\/stevegerrard.com\/fr\/wp-json\/wp\/v2\/posts\/73292","targetHints":{"allow":["GET"]}}],"collection":[{"href":"https:\/\/stevegerrard.com\/fr\/wp-json\/wp\/v2\/posts"}],"about":[{"href":"https:\/\/stevegerrard.com\/fr\/wp-json\/wp\/v2\/types\/post"}],"author":[{"embeddable":true,"href":"https:\/\/stevegerrard.com\/fr\/wp-json\/wp\/v2\/users\/2"}],"replies":[{"embeddable":true,"href":"https:\/\/stevegerrard.com\/fr\/wp-json\/wp\/v2\/comments?post=73292"}],"version-history":[{"count":0,"href":"https:\/\/stevegerrard.com\/fr\/wp-json\/wp\/v2\/posts\/73292\/revisions"}],"wp:attachment":[{"href":"https:\/\/stevegerrard.com\/fr\/wp-json\/wp\/v2\/media?parent=73292"}],"wp:term":[{"taxonomy":"category","embeddable":true,"href":"https:\/\/stevegerrard.com\/fr\/wp-json\/wp\/v2\/categories?post=73292"},{"taxonomy":"post_tag","embeddable":true,"href":"https:\/\/stevegerrard.com\/fr\/wp-json\/wp\/v2\/tags?post=73292"}],"curies":[{"name":"wp","href":"https:\/\/api.w.org\/{rel}","templated":true}]}}