{"id":73302,"date":"2011-09-03T22:07:31","date_gmt":"2011-09-04T02:07:31","guid":{"rendered":"https:\/\/stevegerrard.com\/mes-garcons-sont-geniaux\/"},"modified":"2011-09-03T22:07:31","modified_gmt":"2011-09-04T02:07:31","slug":"mes-garcons-sont-geniaux","status":"publish","type":"post","link":"https:\/\/stevegerrard.com\/fr\/mes-garcons-sont-geniaux\/","title":{"rendered":"Mes gar\u00e7ons sont g\u00e9niaux !"},"content":{"rendered":"<p><a href=\"http:\/\/stevegerrardphotography.com\/wp-content\/uploads\/2011\/09\/2011-09-03_001.jpg\"><img fetchpriority=\"high\" decoding=\"async\" class=\"alignnone size-full wp-image-12998\" title=\"2011-09-03_001\" src=\"http:\/\/stevegerrardphotography.com\/wp-content\/uploads\/2011\/09\/2011-09-03_001.jpg\" alt=\"\" width=\"620\" height=\"416\"><\/a><\/p>\n<p>Aujourd&rsquo;hui, c&rsquo;\u00e9tait un jour de cong\u00e9.<\/p>\n<p>Il s&rsquo;agit d&rsquo;une raret\u00e9 \u00e0 l&rsquo;heure actuelle.<\/p>\n<p>Nous avons emmen\u00e9 les gar\u00e7ons au The Public \u00e0 West Bromwich o\u00f9 nous avons fabriqu\u00e9 des guitares en carton, fait des photos ridicules et admir\u00e9 les photos de papa qui y sont expos\u00e9es dans le cadre de la campagne Home Of Metal \ud83d\ude42<\/p>\n<p>Un d\u00e9jeuner chez McDonald&rsquo;s, un apr\u00e8s-midi au parc, une glace&#8230;<\/p>\n<p>Comme l&rsquo;a dit Ice Cube, aujourd&rsquo;hui est un bon jour.<\/p>\n<p><a href=\"http:\/\/stevegerrardphotography.com\/wp-content\/uploads\/2011\/09\/2011-09-03_002.jpg\"><img decoding=\"async\" class=\"alignnone size-full wp-image-12999\" title=\"2011-09-03_002\" src=\"http:\/\/stevegerrardphotography.com\/wp-content\/uploads\/2011\/09\/2011-09-03_002.jpg\" alt=\"\" width=\"620\" height=\"419\"><\/a><a href=\"http:\/\/stevegerrardphotography.com\/wp-content\/uploads\/2011\/09\/2011-09-03_003.jpg\"><img decoding=\"async\" class=\"alignnone size-full wp-image-13000\" title=\"2011-09-03_003\" src=\"http:\/\/stevegerrardphotography.com\/wp-content\/uploads\/2011\/09\/2011-09-03_003.jpg\" alt=\"\" width=\"620\" height=\"827\"><\/a><a href=\"http:\/\/stevegerrardphotography.com\/wp-content\/uploads\/2011\/09\/2011-09-03_004.jpg\"><img loading=\"lazy\" decoding=\"async\" class=\"alignnone size-full wp-image-13001\" title=\"2011-09-03_004\" src=\"http:\/\/stevegerrardphotography.com\/wp-content\/uploads\/2011\/09\/2011-09-03_004.jpg\" alt=\"\" width=\"620\" height=\"827\"><\/a><a href=\"http:\/\/stevegerrardphotography.com\/wp-content\/uploads\/2011\/09\/2011-09-03_005.jpg\"><img loading=\"lazy\" decoding=\"async\" class=\"alignnone size-full wp-image-13002\" title=\"2011-09-03_005\" src=\"http:\/\/stevegerrardphotography.com\/wp-content\/uploads\/2011\/09\/2011-09-03_005.jpg\" alt=\"\" width=\"620\" height=\"827\"><\/a><\/p>\n<p>La photo suivante a \u00e9t\u00e9 prise par Elliott (4 ans)&#8230;<\/p>\n<p><a href=\"http:\/\/stevegerrardphotography.com\/wp-content\/uploads\/2011\/09\/2011-09-03_006.jpg\"><img loading=\"lazy\" decoding=\"async\" class=\"alignnone size-full wp-image-13003\" title=\"2011-09-03_006\" src=\"http:\/\/stevegerrardphotography.com\/wp-content\/uploads\/2011\/09\/2011-09-03_006.jpg\" alt=\"\" width=\"620\" height=\"416\"><\/a><\/p>\n","protected":false},"excerpt":{"rendered":"<p>Aujourd&rsquo;hui, c&rsquo;\u00e9tait un jour de cong\u00e9. Il s&rsquo;agit d&rsquo;une raret\u00e9 \u00e0 l&rsquo;heure actuelle. Nous avons emmen\u00e9 les gar\u00e7ons au The Public \u00e0 West Bromwich o\u00f9 nous avons fabriqu\u00e9 des guitares en carton, fait des photos ridicules et admir\u00e9 les photos de papa qui y sont expos\u00e9es dans le cadre de la campagne Home Of Metal [&hellip;]<\/p>\n","protected":false},"author":2,"featured_media":0,"comment_status":"open","ping_status":"closed","sticky":false,"template":"","format":"standard","meta":{"_acf_changed":false,"footnotes":""},"categories":[5391,5544],"tags":[5698,5695,5471,5690],"class_list":["post-73302","post","type-post","status-publish","format-standard","hentry","category-blog-fr","category-personnel","tag-le-public","tag-maison-du-metal","tag-steve-gerrard-fr","tag-west-bromwich-fr"],"acf":[],"yoast_head":"<!-- This site is optimized with the Yoast SEO Premium plugin v27.4 (Yoast SEO v27.5) - https:\/\/yoast.com\/product\/yoast-seo-premium-wordpress\/ -->\n<title>Mes gar\u00e7ons sont g\u00e9niaux ! - Steve Gerrard Photography<\/title>\n<meta name=\"robots\" content=\"index, follow, max-snippet:-1, max-image-preview:large, max-video-preview:-1\" \/>\n<link rel=\"canonical\" href=\"https:\/\/stevegerrard.com\/fr\/mes-garcons-sont-geniaux\/\" \/>\n<meta property=\"og:locale\" content=\"fr_FR\" \/>\n<meta property=\"og:type\" content=\"article\" \/>\n<meta property=\"og:title\" content=\"Mes gar\u00e7ons sont g\u00e9niaux !\" \/>\n<meta property=\"og:description\" content=\"Aujourd&rsquo;hui, c&rsquo;\u00e9tait un jour de cong\u00e9. Il s&rsquo;agit d&rsquo;une raret\u00e9 \u00e0 l&rsquo;heure actuelle. Nous avons emmen\u00e9 les gar\u00e7ons au The Public \u00e0 West Bromwich o\u00f9 nous avons fabriqu\u00e9 des guitares en carton, fait des photos ridicules et admir\u00e9 les photos de papa qui y sont expos\u00e9es dans le cadre de la campagne Home Of Metal [&hellip;]\" \/>\n<meta property=\"og:url\" content=\"https:\/\/stevegerrard.com\/fr\/mes-garcons-sont-geniaux\/\" \/>\n<meta property=\"og:site_name\" content=\"Steve Gerrard Photography\" \/>\n<meta property=\"article:publisher\" content=\"https:\/\/www.facebook.com\/stevegerrardphotography\" \/>\n<meta property=\"article:author\" content=\"https:\/\/www.facebook.com\/stevegerrardphotography\" \/>\n<meta property=\"article:published_time\" content=\"2011-09-04T02:07:31+00:00\" \/>\n<meta property=\"og:image\" content=\"http:\/\/stevegerrardphotography.com\/wp-content\/uploads\/2011\/09\/2011-09-03_001.jpg\" \/>\n<meta name=\"author\" content=\"Steve Gerrard\" \/>\n<meta name=\"twitter:card\" content=\"summary_large_image\" \/>\n<meta name=\"twitter:creator\" content=\"@stevegerrard\" \/>\n<meta name=\"twitter:site\" content=\"@stevegerrard\" \/>\n<meta name=\"twitter:label1\" content=\"\u00c9crit par\" \/>\n\t<meta name=\"twitter:data1\" content=\"Steve Gerrard\" \/>\n<script type=\"application\/ld+json\" class=\"yoast-schema-graph\">{\"@context\":\"https:\\\/\\\/schema.org\",\"@graph\":[{\"@type\":\"Article\",\"@id\":\"https:\\\/\\\/stevegerrard.com\\\/fr\\\/mes-garcons-sont-geniaux\\\/#article\",\"isPartOf\":{\"@id\":\"https:\\\/\\\/stevegerrard.com\\\/fr\\\/mes-garcons-sont-geniaux\\\/\"},\"author\":{\"name\":\"Steve Gerrard\",\"@id\":\"https:\\\/\\\/stevegerrard.com\\\/fr\\\/#\\\/schema\\\/person\\\/b0486803327c43f1437d11a2c2998eb6\"},\"headline\":\"Mes gar\u00e7ons sont g\u00e9niaux !\",\"datePublished\":\"2011-09-04T02:07:31+00:00\",\"mainEntityOfPage\":{\"@id\":\"https:\\\/\\\/stevegerrard.com\\\/fr\\\/mes-garcons-sont-geniaux\\\/\"},\"wordCount\":100,\"commentCount\":0,\"publisher\":{\"@id\":\"https:\\\/\\\/stevegerrard.com\\\/fr\\\/#\\\/schema\\\/person\\\/b0486803327c43f1437d11a2c2998eb6\"},\"image\":{\"@id\":\"https:\\\/\\\/stevegerrard.com\\\/fr\\\/mes-garcons-sont-geniaux\\\/#primaryimage\"},\"thumbnailUrl\":\"http:\\\/\\\/stevegerrardphotography.com\\\/wp-content\\\/uploads\\\/2011\\\/09\\\/2011-09-03_001.jpg\",\"keywords\":[\"le public\",\"maison du m\u00e9tal\",\"steve gerrard\",\"west bromwich\"],\"articleSection\":[\"Blog\",\"Personnel\"],\"inLanguage\":\"fr-FR\",\"potentialAction\":[{\"@type\":\"CommentAction\",\"name\":\"Comment\",\"target\":[\"https:\\\/\\\/stevegerrard.com\\\/fr\\\/mes-garcons-sont-geniaux\\\/#respond\"]}]},{\"@type\":\"WebPage\",\"@id\":\"https:\\\/\\\/stevegerrard.com\\\/fr\\\/mes-garcons-sont-geniaux\\\/\",\"url\":\"https:\\\/\\\/stevegerrard.com\\\/fr\\\/mes-garcons-sont-geniaux\\\/\",\"name\":\"Mes gar\u00e7ons sont g\u00e9niaux ! - Steve Gerrard Photography\",\"isPartOf\":{\"@id\":\"https:\\\/\\\/stevegerrard.com\\\/fr\\\/#website\"},\"primaryImageOfPage\":{\"@id\":\"https:\\\/\\\/stevegerrard.com\\\/fr\\\/mes-garcons-sont-geniaux\\\/#primaryimage\"},\"image\":{\"@id\":\"https:\\\/\\\/stevegerrard.com\\\/fr\\\/mes-garcons-sont-geniaux\\\/#primaryimage\"},\"thumbnailUrl\":\"http:\\\/\\\/stevegerrardphotography.com\\\/wp-content\\\/uploads\\\/2011\\\/09\\\/2011-09-03_001.jpg\",\"datePublished\":\"2011-09-04T02:07:31+00:00\",\"breadcrumb\":{\"@id\":\"https:\\\/\\\/stevegerrard.com\\\/fr\\\/mes-garcons-sont-geniaux\\\/#breadcrumb\"},\"inLanguage\":\"fr-FR\",\"potentialAction\":[{\"@type\":\"ReadAction\",\"target\":[\"https:\\\/\\\/stevegerrard.com\\\/fr\\\/mes-garcons-sont-geniaux\\\/\"]}]},{\"@type\":\"ImageObject\",\"inLanguage\":\"fr-FR\",\"@id\":\"https:\\\/\\\/stevegerrard.com\\\/fr\\\/mes-garcons-sont-geniaux\\\/#primaryimage\",\"url\":\"http:\\\/\\\/stevegerrardphotography.com\\\/wp-content\\\/uploads\\\/2011\\\/09\\\/2011-09-03_001.jpg\",\"contentUrl\":\"http:\\\/\\\/stevegerrardphotography.com\\\/wp-content\\\/uploads\\\/2011\\\/09\\\/2011-09-03_001.jpg\"},{\"@type\":\"BreadcrumbList\",\"@id\":\"https:\\\/\\\/stevegerrard.com\\\/fr\\\/mes-garcons-sont-geniaux\\\/#breadcrumb\",\"itemListElement\":[{\"@type\":\"ListItem\",\"position\":1,\"name\":\"Home\",\"item\":\"https:\\\/\\\/stevegerrard.com\\\/fr\\\/\"},{\"@type\":\"ListItem\",\"position\":2,\"name\":\"Mes gar\u00e7ons sont g\u00e9niaux !\"}]},{\"@type\":\"WebSite\",\"@id\":\"https:\\\/\\\/stevegerrard.com\\\/fr\\\/#website\",\"url\":\"https:\\\/\\\/stevegerrard.com\\\/fr\\\/\",\"name\":\"Steve Gerrard Photography\",\"description\":\"Wedding, portrait &amp; music photography\",\"publisher\":{\"@id\":\"https:\\\/\\\/stevegerrard.com\\\/fr\\\/#\\\/schema\\\/person\\\/b0486803327c43f1437d11a2c2998eb6\"},\"potentialAction\":[{\"@type\":\"SearchAction\",\"target\":{\"@type\":\"EntryPoint\",\"urlTemplate\":\"https:\\\/\\\/stevegerrard.com\\\/fr\\\/?s={search_term_string}\"},\"query-input\":{\"@type\":\"PropertyValueSpecification\",\"valueRequired\":true,\"valueName\":\"search_term_string\"}}],\"inLanguage\":\"fr-FR\"},{\"@type\":[\"Person\",\"Organization\"],\"@id\":\"https:\\\/\\\/stevegerrard.com\\\/fr\\\/#\\\/schema\\\/person\\\/b0486803327c43f1437d11a2c2998eb6\",\"name\":\"Steve Gerrard\",\"image\":{\"@type\":\"ImageObject\",\"inLanguage\":\"fr-FR\",\"@id\":\"https:\\\/\\\/stevegerrard.com\\\/wp-content\\\/uploads\\\/2022\\\/01\\\/HiResLogo-square.jpg\",\"url\":\"https:\\\/\\\/stevegerrard.com\\\/wp-content\\\/uploads\\\/2022\\\/01\\\/HiResLogo-square.jpg\",\"contentUrl\":\"https:\\\/\\\/stevegerrard.com\\\/wp-content\\\/uploads\\\/2022\\\/01\\\/HiResLogo-square.jpg\",\"width\":1142,\"height\":1143,\"caption\":\"Steve Gerrard\"},\"logo\":{\"@id\":\"https:\\\/\\\/stevegerrard.com\\\/wp-content\\\/uploads\\\/2022\\\/01\\\/HiResLogo-square.jpg\"},\"description\":\"Hi, I\u2019m Steve &amp; I\u2019m a wedding, portrait &amp; music photographer. I do things a bit differently. My photography style is authentic, creative, and cheese-free!\",\"sameAs\":[\"https:\\\/\\\/stevegerrard.com\\\/\",\"https:\\\/\\\/www.facebook.com\\\/stevegerrardphotography\",\"https:\\\/\\\/www.instagram.com\\\/stevegerrard\\\/\",\"https:\\\/\\\/www.linkedin.com\\\/in\\\/stevegerrardphotography\\\/\",\"https:\\\/\\\/x.com\\\/stevegerrard\",\"https:\\\/\\\/www.youtube.com\\\/c\\\/SteveGerrardPhotography\"]}]}<\/script>\n<!-- \/ Yoast SEO Premium plugin. -->","yoast_head_json":{"title":"Mes gar\u00e7ons sont g\u00e9niaux ! - Steve Gerrard Photography","robots":{"index":"index","follow":"follow","max-snippet":"max-snippet:-1","max-image-preview":"max-image-preview:large","max-video-preview":"max-video-preview:-1"},"canonical":"https:\/\/stevegerrard.com\/fr\/mes-garcons-sont-geniaux\/","og_locale":"fr_FR","og_type":"article","og_title":"Mes gar\u00e7ons sont g\u00e9niaux !","og_description":"Aujourd&rsquo;hui, c&rsquo;\u00e9tait un jour de cong\u00e9. Il s&rsquo;agit d&rsquo;une raret\u00e9 \u00e0 l&rsquo;heure actuelle. Nous avons emmen\u00e9 les gar\u00e7ons au The Public \u00e0 West Bromwich o\u00f9 nous avons fabriqu\u00e9 des guitares en carton, fait des photos ridicules et admir\u00e9 les photos de papa qui y sont expos\u00e9es dans le cadre de la campagne Home Of Metal [&hellip;]","og_url":"https:\/\/stevegerrard.com\/fr\/mes-garcons-sont-geniaux\/","og_site_name":"Steve Gerrard Photography","article_publisher":"https:\/\/www.facebook.com\/stevegerrardphotography","article_author":"https:\/\/www.facebook.com\/stevegerrardphotography","article_published_time":"2011-09-04T02:07:31+00:00","og_image":[{"url":"http:\/\/stevegerrardphotography.com\/wp-content\/uploads\/2011\/09\/2011-09-03_001.jpg","type":"","width":"","height":""}],"author":"Steve Gerrard","twitter_card":"summary_large_image","twitter_creator":"@stevegerrard","twitter_site":"@stevegerrard","twitter_misc":{"\u00c9crit par":"Steve Gerrard"},"schema":{"@context":"https:\/\/schema.org","@graph":[{"@type":"Article","@id":"https:\/\/stevegerrard.com\/fr\/mes-garcons-sont-geniaux\/#article","isPartOf":{"@id":"https:\/\/stevegerrard.com\/fr\/mes-garcons-sont-geniaux\/"},"author":{"name":"Steve Gerrard","@id":"https:\/\/stevegerrard.com\/fr\/#\/schema\/person\/b0486803327c43f1437d11a2c2998eb6"},"headline":"Mes gar\u00e7ons sont g\u00e9niaux !","datePublished":"2011-09-04T02:07:31+00:00","mainEntityOfPage":{"@id":"https:\/\/stevegerrard.com\/fr\/mes-garcons-sont-geniaux\/"},"wordCount":100,"commentCount":0,"publisher":{"@id":"https:\/\/stevegerrard.com\/fr\/#\/schema\/person\/b0486803327c43f1437d11a2c2998eb6"},"image":{"@id":"https:\/\/stevegerrard.com\/fr\/mes-garcons-sont-geniaux\/#primaryimage"},"thumbnailUrl":"http:\/\/stevegerrardphotography.com\/wp-content\/uploads\/2011\/09\/2011-09-03_001.jpg","keywords":["le public","maison du m\u00e9tal","steve gerrard","west bromwich"],"articleSection":["Blog","Personnel"],"inLanguage":"fr-FR","potentialAction":[{"@type":"CommentAction","name":"Comment","target":["https:\/\/stevegerrard.com\/fr\/mes-garcons-sont-geniaux\/#respond"]}]},{"@type":"WebPage","@id":"https:\/\/stevegerrard.com\/fr\/mes-garcons-sont-geniaux\/","url":"https:\/\/stevegerrard.com\/fr\/mes-garcons-sont-geniaux\/","name":"Mes gar\u00e7ons sont g\u00e9niaux ! - Steve Gerrard Photography","isPartOf":{"@id":"https:\/\/stevegerrard.com\/fr\/#website"},"primaryImageOfPage":{"@id":"https:\/\/stevegerrard.com\/fr\/mes-garcons-sont-geniaux\/#primaryimage"},"image":{"@id":"https:\/\/stevegerrard.com\/fr\/mes-garcons-sont-geniaux\/#primaryimage"},"thumbnailUrl":"http:\/\/stevegerrardphotography.com\/wp-content\/uploads\/2011\/09\/2011-09-03_001.jpg","datePublished":"2011-09-04T02:07:31+00:00","breadcrumb":{"@id":"https:\/\/stevegerrard.com\/fr\/mes-garcons-sont-geniaux\/#breadcrumb"},"inLanguage":"fr-FR","potentialAction":[{"@type":"ReadAction","target":["https:\/\/stevegerrard.com\/fr\/mes-garcons-sont-geniaux\/"]}]},{"@type":"ImageObject","inLanguage":"fr-FR","@id":"https:\/\/stevegerrard.com\/fr\/mes-garcons-sont-geniaux\/#primaryimage","url":"http:\/\/stevegerrardphotography.com\/wp-content\/uploads\/2011\/09\/2011-09-03_001.jpg","contentUrl":"http:\/\/stevegerrardphotography.com\/wp-content\/uploads\/2011\/09\/2011-09-03_001.jpg"},{"@type":"BreadcrumbList","@id":"https:\/\/stevegerrard.com\/fr\/mes-garcons-sont-geniaux\/#breadcrumb","itemListElement":[{"@type":"ListItem","position":1,"name":"Home","item":"https:\/\/stevegerrard.com\/fr\/"},{"@type":"ListItem","position":2,"name":"Mes gar\u00e7ons sont g\u00e9niaux !"}]},{"@type":"WebSite","@id":"https:\/\/stevegerrard.com\/fr\/#website","url":"https:\/\/stevegerrard.com\/fr\/","name":"Steve Gerrard Photography","description":"Wedding, portrait &amp; music photography","publisher":{"@id":"https:\/\/stevegerrard.com\/fr\/#\/schema\/person\/b0486803327c43f1437d11a2c2998eb6"},"potentialAction":[{"@type":"SearchAction","target":{"@type":"EntryPoint","urlTemplate":"https:\/\/stevegerrard.com\/fr\/?s={search_term_string}"},"query-input":{"@type":"PropertyValueSpecification","valueRequired":true,"valueName":"search_term_string"}}],"inLanguage":"fr-FR"},{"@type":["Person","Organization"],"@id":"https:\/\/stevegerrard.com\/fr\/#\/schema\/person\/b0486803327c43f1437d11a2c2998eb6","name":"Steve Gerrard","image":{"@type":"ImageObject","inLanguage":"fr-FR","@id":"https:\/\/stevegerrard.com\/wp-content\/uploads\/2022\/01\/HiResLogo-square.jpg","url":"https:\/\/stevegerrard.com\/wp-content\/uploads\/2022\/01\/HiResLogo-square.jpg","contentUrl":"https:\/\/stevegerrard.com\/wp-content\/uploads\/2022\/01\/HiResLogo-square.jpg","width":1142,"height":1143,"caption":"Steve Gerrard"},"logo":{"@id":"https:\/\/stevegerrard.com\/wp-content\/uploads\/2022\/01\/HiResLogo-square.jpg"},"description":"Hi, I\u2019m Steve &amp; I\u2019m a wedding, portrait &amp; music photographer. I do things a bit differently. My photography style is authentic, creative, and cheese-free!","sameAs":["https:\/\/stevegerrard.com\/","https:\/\/www.facebook.com\/stevegerrardphotography","https:\/\/www.instagram.com\/stevegerrard\/","https:\/\/www.linkedin.com\/in\/stevegerrardphotography\/","https:\/\/x.com\/stevegerrard","https:\/\/www.youtube.com\/c\/SteveGerrardPhotography"]}]}},"_links":{"self":[{"href":"https:\/\/stevegerrard.com\/fr\/wp-json\/wp\/v2\/posts\/73302","targetHints":{"allow":["GET"]}}],"collection":[{"href":"https:\/\/stevegerrard.com\/fr\/wp-json\/wp\/v2\/posts"}],"about":[{"href":"https:\/\/stevegerrard.com\/fr\/wp-json\/wp\/v2\/types\/post"}],"author":[{"embeddable":true,"href":"https:\/\/stevegerrard.com\/fr\/wp-json\/wp\/v2\/users\/2"}],"replies":[{"embeddable":true,"href":"https:\/\/stevegerrard.com\/fr\/wp-json\/wp\/v2\/comments?post=73302"}],"version-history":[{"count":0,"href":"https:\/\/stevegerrard.com\/fr\/wp-json\/wp\/v2\/posts\/73302\/revisions"}],"wp:attachment":[{"href":"https:\/\/stevegerrard.com\/fr\/wp-json\/wp\/v2\/media?parent=73302"}],"wp:term":[{"taxonomy":"category","embeddable":true,"href":"https:\/\/stevegerrard.com\/fr\/wp-json\/wp\/v2\/categories?post=73302"},{"taxonomy":"post_tag","embeddable":true,"href":"https:\/\/stevegerrard.com\/fr\/wp-json\/wp\/v2\/tags?post=73302"}],"curies":[{"name":"wp","href":"https:\/\/api.w.org\/{rel}","templated":true}]}}